{"id":2507,"date":"2022-02-04T17:26:41","date_gmt":"2022-02-04T16:26:41","guid":{"rendered":"https:\/\/agora.xtec.cat\/ceipfmacia-orrius\/?p=2507"},"modified":"2022-02-06T18:35:22","modified_gmt":"2022-02-06T17:35:22","slug":"ametllers-florits-a-lhivern","status":"publish","type":"post","link":"https:\/\/agora.xtec.cat\/ceipfmacia-orrius\/infantil\/ametllers-florits-a-lhivern\/","title":{"rendered":"Ametllers: florits a l&#8217;hivern!"},"content":{"rendered":"<p>Aquests \u00faltims dies de gener hem anat a veure els ametllers florits que hi ha a \u00d2rrius! Ens hem apropat a l&#8217;ametller de Can Sans i hem observat el que diu la dita: &#8220;Pel gener, floreix l&#8217;ametller!&#8221; Estan molt bonics, tots ben guarnits amb la seva flor blanca i rosa. Tamb\u00e9 hi havia un munt d&#8217;abelles feinejant i ens han vingut a saludar uns insectes pal molt simp\u00e0tics! Li hem regalat al nostre ametller dos poemes molt bonics perqu\u00e8 li facin companyia aquests dies d&#8217;hivern! Gr\u00e0cies ametller! Tornarem a la Primavera per saber com est\u00e0s i per veure si ja tens les teves fulles!<\/p>\n<p><iframe loading=\"lazy\" width=\"640\" height=\"360\" frameborder=\"0\" title=\"Florits a l'hivern: ametllers!\" src=\"https:\/\/www.kizoa.com\/embed-379180726-9617172o2l1\" webkitallowfullscreen=\"true\" allowfullscreen=\"true\" mozallowfullscreen=\"true\" ><\/iframe><\/p>\n","protected":false},"excerpt":{"rendered":"<p>Aquests \u00faltims dies de gener hem anat a veure els ametllers florits que hi ha a \u00d2rrius! Ens hem apropat a l&#8217;ametller de Can Sans i hem observat el que diu la dita: &#8220;Pel gener, floreix l&#8217;ametller!&#8221; Estan molt bonics, tots ben guarnits amb la&hellip;  <a href=\"https:\/\/agora.xtec.cat\/ceipfmacia-orrius\/infantil\/ametllers-florits-a-lhivern\/\" title=\"Read Ametllers: florits a l&#8217;hivern!\">Llegeix m\u00e9s\u00bb<\/a><\/p>\n","protected":false},"author":17,"featured_media":2508,"comment_status":"open","ping_status":"closed","sticky":false,"template":"","format":"standard","meta":{"_bbp_topic_count":0,"_bbp_reply_count":0,"_bbp_total_topic_count":0,"_bbp_total_reply_count":0,"_bbp_voice_count":0,"_bbp_anonymous_reply_count":0,"_bbp_topic_count_hidden":0,"_bbp_reply_count_hidden":0,"_bbp_forum_subforum_count":0,"footnotes":""},"categories":[2,3,8],"tags":[],"class_list":["post-2507","post","type-post","status-publish","format-standard","has-post-thumbnail","hentry","category-infantil","category-maons","category-aquatics-infantil"],"post_mailing_queue_ids":[],"_links":{"self":[{"href":"https:\/\/agora.xtec.cat\/ceipfmacia-orrius\/wp-json\/wp\/v2\/posts\/2507","targetHints":{"allow":["GET"]}}],"collection":[{"href":"https:\/\/agora.xtec.cat\/ceipfmacia-orrius\/wp-json\/wp\/v2\/posts"}],"about":[{"href":"https:\/\/agora.xtec.cat\/ceipfmacia-orrius\/wp-json\/wp\/v2\/types\/post"}],"author":[{"embeddable":true,"href":"https:\/\/agora.xtec.cat\/ceipfmacia-orrius\/wp-json\/wp\/v2\/users\/17"}],"replies":[{"embeddable":true,"href":"https:\/\/agora.xtec.cat\/ceipfmacia-orrius\/wp-json\/wp\/v2\/comments?post=2507"}],"version-history":[{"count":3,"href":"https:\/\/agora.xtec.cat\/ceipfmacia-orrius\/wp-json\/wp\/v2\/posts\/2507\/revisions"}],"predecessor-version":[{"id":2511,"href":"https:\/\/agora.xtec.cat\/ceipfmacia-orrius\/wp-json\/wp\/v2\/posts\/2507\/revisions\/2511"}],"wp:featuredmedia":[{"embeddable":true,"href":"https:\/\/agora.xtec.cat\/ceipfmacia-orrius\/wp-json\/wp\/v2\/media\/2508"}],"wp:attachment":[{"href":"https:\/\/agora.xtec.cat\/ceipfmacia-orrius\/wp-json\/wp\/v2\/media?parent=2507"}],"wp:term":[{"taxonomy":"category","embeddable":true,"href":"https:\/\/agora.xtec.cat\/ceipfmacia-orrius\/wp-json\/wp\/v2\/categories?post=2507"},{"taxonomy":"post_tag","embeddable":true,"href":"https:\/\/agora.xtec.cat\/ceipfmacia-orrius\/wp-json\/wp\/v2\/tags?post=2507"}],"curies":[{"name":"wp","href":"https:\/\/api.w.org\/{rel}","templated":true}]}}