{"id":2473,"date":"2021-11-30T19:35:54","date_gmt":"2021-11-30T18:35:54","guid":{"rendered":"https:\/\/agora.xtec.cat\/ceipfmacia-orrius\/?p=2473"},"modified":"2022-01-05T19:00:58","modified_gmt":"2022-01-05T18:00:58","slug":"art-de-tardor","status":"publish","type":"post","link":"https:\/\/agora.xtec.cat\/ceipfmacia-orrius\/infantil\/maons\/art-de-tardor\/","title":{"rendered":"Art de tardor"},"content":{"rendered":"<p>Aquesta tardor a les sessions d\u2019art que fet uns treballs molt bonics: hem recuperat un record d\u2019estiu a partir d\u2019una foto amb els pares i mares, hem pintat un gran llen\u00e7ol amb els colors de la tardor per decorar el rac\u00f3,hem omplert les finestres de fulles, hem felicitat el gegant Andreu amb una postal molt maca i tamb\u00e9 hem representat el poema de la Lola Casas: \u201cCan\u00e7\u00f3 d\u2019anar a ca\u00e7ar fulles\u201d Hem hagut de bufar molt!! Aqu\u00ed teniu les fotos!<\/p>\n<p><iframe loading=\"lazy\" width=\"640\" height=\"360\" frameborder=\"0\" title=\"2021-22 Art de tardor\" src=\"https:\/\/www.kizoa.com\/embed-377128516-6202350o2l1\" webkitallowfullscreen=\"true\" allowfullscreen=\"true\" mozallowfullscreen=\"true\" ><\/iframe><\/p>\n","protected":false},"excerpt":{"rendered":"<p>Aquesta tardor a les sessions d\u2019art que fet uns treballs molt bonics: hem recuperat un record d\u2019estiu a partir d\u2019una foto amb els pares i mares, hem pintat un gran llen\u00e7ol amb els colors de la tardor per decorar el rac\u00f3,hem omplert les finestres de&hellip;  <a href=\"https:\/\/agora.xtec.cat\/ceipfmacia-orrius\/infantil\/maons\/art-de-tardor\/\" title=\"Read Art de tardor\">Llegeix m\u00e9s\u00bb<\/a><\/p>\n","protected":false},"author":17,"featured_media":2493,"comment_status":"open","ping_status":"closed","sticky":false,"template":"","format":"standard","meta":{"_bbp_topic_count":0,"_bbp_reply_count":0,"_bbp_total_topic_count":0,"_bbp_total_reply_count":0,"_bbp_voice_count":0,"_bbp_anonymous_reply_count":0,"_bbp_topic_count_hidden":0,"_bbp_reply_count_hidden":0,"_bbp_forum_subforum_count":0,"footnotes":""},"categories":[3],"tags":[],"class_list":["post-2473","post","type-post","status-publish","format-standard","has-post-thumbnail","hentry","category-maons"],"post_mailing_queue_ids":[],"_links":{"self":[{"href":"https:\/\/agora.xtec.cat\/ceipfmacia-orrius\/wp-json\/wp\/v2\/posts\/2473","targetHints":{"allow":["GET"]}}],"collection":[{"href":"https:\/\/agora.xtec.cat\/ceipfmacia-orrius\/wp-json\/wp\/v2\/posts"}],"about":[{"href":"https:\/\/agora.xtec.cat\/ceipfmacia-orrius\/wp-json\/wp\/v2\/types\/post"}],"author":[{"embeddable":true,"href":"https:\/\/agora.xtec.cat\/ceipfmacia-orrius\/wp-json\/wp\/v2\/users\/17"}],"replies":[{"embeddable":true,"href":"https:\/\/agora.xtec.cat\/ceipfmacia-orrius\/wp-json\/wp\/v2\/comments?post=2473"}],"version-history":[{"count":2,"href":"https:\/\/agora.xtec.cat\/ceipfmacia-orrius\/wp-json\/wp\/v2\/posts\/2473\/revisions"}],"predecessor-version":[{"id":2485,"href":"https:\/\/agora.xtec.cat\/ceipfmacia-orrius\/wp-json\/wp\/v2\/posts\/2473\/revisions\/2485"}],"wp:featuredmedia":[{"embeddable":true,"href":"https:\/\/agora.xtec.cat\/ceipfmacia-orrius\/wp-json\/wp\/v2\/media\/2493"}],"wp:attachment":[{"href":"https:\/\/agora.xtec.cat\/ceipfmacia-orrius\/wp-json\/wp\/v2\/media?parent=2473"}],"wp:term":[{"taxonomy":"category","embeddable":true,"href":"https:\/\/agora.xtec.cat\/ceipfmacia-orrius\/wp-json\/wp\/v2\/categories?post=2473"},{"taxonomy":"post_tag","embeddable":true,"href":"https:\/\/agora.xtec.cat\/ceipfmacia-orrius\/wp-json\/wp\/v2\/tags?post=2473"}],"curies":[{"name":"wp","href":"https:\/\/api.w.org\/{rel}","templated":true}]}}