{"id":2446,"date":"2021-12-14T15:33:57","date_gmt":"2021-12-14T14:33:57","guid":{"rendered":"https:\/\/agora.xtec.cat\/ceipfmacia-orrius\/?p=2446"},"modified":"2022-02-17T18:02:02","modified_gmt":"2022-02-17T17:02:02","slug":"millorem-els-patis-de-lescola","status":"publish","type":"post","link":"https:\/\/agora.xtec.cat\/ceipfmacia-orrius\/general\/millorem-els-patis-de-lescola\/","title":{"rendered":"Millorem els patis de l&#8217;escola!"},"content":{"rendered":"<p>El passat diumenge 14 de desembre es van celebrar unes jornades de manteniment a l&#8217;escola organitzades per l&#8217;<a href=\"https:\/\/agora.xtec.cat\/ceipfmacia-orrius\/categoria\/afi\/\">AFI<\/a>. En aquestes jornades es van millorar alguns espais i se&#8217;n van crear de nous, com el roc\u00f2drom, l&#8217;espai de sorra, una nova escala al bosc, els tipis&#8230;<\/p>\n<p>Els nens i nenes de l&#8217;escola han quedat fascinats i \u00e9s per aix\u00f2 que volem agrair-vos molt especialment l&#8217;esfor\u00e7 i dedicaci\u00f3 de totes les fam\u00edlies que vau participar: GR\u00c0CIES FAM\u00cdLIES!!<\/p>\n<blockquote><p>&#8220;Mai dubtis que un petit grup de persones compromeses pot canviar el m\u00f3n. De fet, \u00e9s l&#8217;\u00fanic que ho ha aconseguit&#8221;<\/p><\/blockquote>\n<p>&nbsp;<\/p>\n<p>Aqu\u00ed us deixem un petit recull dels nous espais.<\/p>\n<div id=\"1036C\" style=\"width: 100%; max-width: 600px; height: 400px; display: none;\"><img decoding=\"async\" src=\"https:\/\/lh3.google.com\/u\/0\/d\/1BO6MDJ3KquzSH4nzR4Wl-4am5tjhg-6r=w48-h48-p-k-nu-iv1\" \/><br \/>\n<img decoding=\"async\" src=\"https:\/\/lh3.google.com\/u\/0\/d\/1Vq5Nhfhpz7sn35EwVpp8QKcyWg5m2LC6=w48-h48-p-k-nu-iv1\" \/><br \/>\n<img decoding=\"async\" src=\"https:\/\/lh3.google.com\/u\/0\/d\/1ckSPftftiCny02GWTtxb7se4Oc_FAUTl=w48-h48-p-k-nu-iv1\" \/><br \/>\n<img decoding=\"async\" src=\"https:\/\/lh3.google.com\/u\/0\/d\/1TCPTEH7vL3pG-K3Ck-A4SqQsFy5XTijF=w48-h48-p-k-nu-iv1\" \/><br \/>\n<img decoding=\"async\" src=\"https:\/\/lh3.google.com\/u\/0\/d\/19DQvUIZX_uPrkdynH9NirvBcXuzRy1XC=w48-h48-p-k-nu-iv1\" \/><br \/>\n<img decoding=\"async\" src=\"https:\/\/lh3.google.com\/u\/0\/d\/1BNs7PxuOoBMmT6YXweBdVk7ZGUnIfT0Y=w48-h48-p-k-nu-iv1\" \/><br \/>\n<img decoding=\"async\" src=\"https:\/\/lh3.google.com\/u\/0\/d\/1A0PtaemUGW9hyn0hxPteIUdeSvRXIFBd=w48-h48-p-k-nu-iv1\" \/><br \/>\n<img decoding=\"async\" src=\"https:\/\/lh3.google.com\/u\/0\/d\/1tBWmBxUNfZh3i-9pAJvcBiQ-NZqrY8_Y=w48-h48-p-k-nu-iv1\" \/><br \/>\n<img decoding=\"async\" src=\"https:\/\/lh3.google.com\/u\/0\/d\/1sM3dij1PUe6xC9znWCoAFjMTBAdGEmKd=w48-h48-p-k-nu-iv1\" \/><br \/>\n<img decoding=\"async\" src=\"https:\/\/lh3.google.com\/u\/0\/d\/1NHoghRocsolKCvokIVGBU3rUIF9B3vs9=w48-h48-p-k-nu-iv1\" \/><\/div>\n<p><script type=\"text\/javascript\" src=\"https:\/\/cdn.jsdelivr.net\/npm\/jquery@3.5.1\/dist\/jquery.min.js\"><\/script><br \/>\n<script>\n  (MyGalleries=(typeof MyGalleries === 'undefined' ? [] : MyGalleries)).push({gallId:'#1036C',autoplay:true,lightbox:true,debug:false,popupLinks:true});\n  if(typeof GalleryLoaded === 'undefined'){\n    GalleryLoaded = jQuery(function(){\n      jQuery.ajax({url:'https:\/\/cdn.jsdelivr.net\/npm\/galleria@1.6.1\/dist\/galleria.min.js',dataType:'script',cache:true}).done(function(){\n        Galleria.loadTheme('https:\/\/cdn.jsdelivr.net\/npm\/galleria@1.6.1\/dist\/themes\/classic\/galleria.classic.js');\n        for(var n in MyGalleries){\n          Galleria.run(MyGalleries[n].gallId, MyGalleries[n]);\n          jQuery(MyGalleries[n].gallId).css('display','block');\n        }\n      });\n    });\n  }\n<\/script><\/p>\n","protected":false},"excerpt":{"rendered":"<p>El passat diumenge 14 de desembre es van celebrar unes jornades de manteniment a l&#8217;escola organitzades per l&#8217;<a href=\"https:\/\/agora.xtec.cat\/ceipfmacia-orrius\/categoria\/afi\/\">AFI<\/a>. En aquestes jornades es van millorar alguns espais i se&#8217;n van crear de nous, com el roc\u00f2drom, l&#8217;espai de sorra, una nova escala al bosc, els&hellip;  <a href=\"https:\/\/agora.xtec.cat\/ceipfmacia-orrius\/general\/millorem-els-patis-de-lescola\/\" title=\"Read Millorem els patis de l&#8217;escola!\">Llegeix m\u00e9s\u00bb<\/a><\/p>\n","protected":false},"author":29,"featured_media":2447,"comment_status":"open","ping_status":"closed","sticky":false,"template":"","format":"standard","meta":{"_bbp_topic_count":0,"_bbp_reply_count":0,"_bbp_total_topic_count":0,"_bbp_total_reply_count":0,"_bbp_voice_count":0,"_bbp_anonymous_reply_count":0,"_bbp_topic_count_hidden":0,"_bbp_reply_count_hidden":0,"_bbp_forum_subforum_count":0,"footnotes":""},"categories":[7,10,1,3,13,8,14,4],"tags":[],"class_list":["post-2446","post","type-post","status-publish","format-standard","has-post-thumbnail","hentry","category-afi","category-anelles-olimpiques","category-general","category-maons","category-mascotes-olimpiques","category-aquatics-infantil","category-porcs-senglars","category-portada"],"post_mailing_queue_ids":[],"_links":{"self":[{"href":"https:\/\/agora.xtec.cat\/ceipfmacia-orrius\/wp-json\/wp\/v2\/posts\/2446","targetHints":{"allow":["GET"]}}],"collection":[{"href":"https:\/\/agora.xtec.cat\/ceipfmacia-orrius\/wp-json\/wp\/v2\/posts"}],"about":[{"href":"https:\/\/agora.xtec.cat\/ceipfmacia-orrius\/wp-json\/wp\/v2\/types\/post"}],"author":[{"embeddable":true,"href":"https:\/\/agora.xtec.cat\/ceipfmacia-orrius\/wp-json\/wp\/v2\/users\/29"}],"replies":[{"embeddable":true,"href":"https:\/\/agora.xtec.cat\/ceipfmacia-orrius\/wp-json\/wp\/v2\/comments?post=2446"}],"version-history":[{"count":1,"href":"https:\/\/agora.xtec.cat\/ceipfmacia-orrius\/wp-json\/wp\/v2\/posts\/2446\/revisions"}],"predecessor-version":[{"id":2448,"href":"https:\/\/agora.xtec.cat\/ceipfmacia-orrius\/wp-json\/wp\/v2\/posts\/2446\/revisions\/2448"}],"wp:featuredmedia":[{"embeddable":true,"href":"https:\/\/agora.xtec.cat\/ceipfmacia-orrius\/wp-json\/wp\/v2\/media\/2447"}],"wp:attachment":[{"href":"https:\/\/agora.xtec.cat\/ceipfmacia-orrius\/wp-json\/wp\/v2\/media?parent=2446"}],"wp:term":[{"taxonomy":"category","embeddable":true,"href":"https:\/\/agora.xtec.cat\/ceipfmacia-orrius\/wp-json\/wp\/v2\/categories?post=2446"},{"taxonomy":"post_tag","embeddable":true,"href":"https:\/\/agora.xtec.cat\/ceipfmacia-orrius\/wp-json\/wp\/v2\/tags?post=2446"}],"curies":[{"name":"wp","href":"https:\/\/api.w.org\/{rel}","templated":true}]}}