{"id":2430,"date":"2021-11-11T16:03:52","date_gmt":"2021-11-11T15:03:52","guid":{"rendered":"https:\/\/agora.xtec.cat\/ceipfmacia-orrius\/?p=2430"},"modified":"2022-06-18T09:28:53","modified_gmt":"2022-06-18T07:28:53","slug":"castanyada","status":"publish","type":"post","link":"https:\/\/agora.xtec.cat\/ceipfmacia-orrius\/general\/castanyada\/","title":{"rendered":"CASTANYADA"},"content":{"rendered":"<p>Hola fam\u00edlies!<\/p>\n<p>El passat divendres 29 d&#8217;octubre vam celebrar la castanyada a l&#8217;escola. Els lloros, els Superthings i els Anime (CM i CS) van fer una gimcana per tot el poble durant el mat\u00ed, mentre els m\u00e9s petits, la lava, les roques volc\u00e0niques i els \u00f2ssos anaven d&#8217;excursi\u00f3 pel bosc!<\/p>\n<p>A la tarda, tota l&#8217;escola va poder gaudir d&#8217;una estona de contes on les fam\u00edlies i les mestres van fer una gran tasca com a contacontes! Gr\u00e0cies!<\/p>\n<p>I finalment&#8230; no podien faltar unes bones castanyes!! Gr\u00e0cies tamb\u00e9!<\/p>\n<p>Us deixem <a href=\"https:\/\/photos.app.goo.gl\/XGCqanbbmgSWQtme9\">aqu\u00ed<\/a> un recull de fotografies. Esperem que us agradin!<\/p>\n","protected":false},"excerpt":{"rendered":"<p>Hola fam\u00edlies!<br \/>\nEl passat divendres 29 d&#8217;octubre vam celebrar la castanyada a l&#8217;escola. Els lloros, els Superthings i els Anime (CM i CS) van fer una gimcana per tot el poble durant el mat\u00ed, mentre els m\u00e9s petits, la lava, les roques volc\u00e0niques i els \u00f2ssos&hellip;  <a href=\"https:\/\/agora.xtec.cat\/ceipfmacia-orrius\/general\/castanyada\/\" title=\"Read CASTANYADA\">Llegeix m\u00e9s\u00bb<\/a><\/p>\n","protected":false},"author":29,"featured_media":2431,"comment_status":"open","ping_status":"closed","sticky":false,"template":"","format":"standard","meta":{"_bbp_topic_count":0,"_bbp_reply_count":0,"_bbp_total_topic_count":0,"_bbp_total_reply_count":0,"_bbp_voice_count":0,"_bbp_anonymous_reply_count":0,"_bbp_topic_count_hidden":0,"_bbp_reply_count_hidden":0,"_bbp_forum_subforum_count":0,"footnotes":""},"categories":[10,67,1,12,3,13,8,14,4],"tags":[],"class_list":["post-2430","post","type-post","status-publish","format-standard","has-post-thumbnail","hentry","category-anelles-olimpiques","category-festes","category-general","category-llops","category-maons","category-mascotes-olimpiques","category-aquatics-infantil","category-porcs-senglars","category-portada"],"post_mailing_queue_ids":[],"_links":{"self":[{"href":"https:\/\/agora.xtec.cat\/ceipfmacia-orrius\/wp-json\/wp\/v2\/posts\/2430","targetHints":{"allow":["GET"]}}],"collection":[{"href":"https:\/\/agora.xtec.cat\/ceipfmacia-orrius\/wp-json\/wp\/v2\/posts"}],"about":[{"href":"https:\/\/agora.xtec.cat\/ceipfmacia-orrius\/wp-json\/wp\/v2\/types\/post"}],"author":[{"embeddable":true,"href":"https:\/\/agora.xtec.cat\/ceipfmacia-orrius\/wp-json\/wp\/v2\/users\/29"}],"replies":[{"embeddable":true,"href":"https:\/\/agora.xtec.cat\/ceipfmacia-orrius\/wp-json\/wp\/v2\/comments?post=2430"}],"version-history":[{"count":2,"href":"https:\/\/agora.xtec.cat\/ceipfmacia-orrius\/wp-json\/wp\/v2\/posts\/2430\/revisions"}],"predecessor-version":[{"id":2731,"href":"https:\/\/agora.xtec.cat\/ceipfmacia-orrius\/wp-json\/wp\/v2\/posts\/2430\/revisions\/2731"}],"wp:featuredmedia":[{"embeddable":true,"href":"https:\/\/agora.xtec.cat\/ceipfmacia-orrius\/wp-json\/wp\/v2\/media\/2431"}],"wp:attachment":[{"href":"https:\/\/agora.xtec.cat\/ceipfmacia-orrius\/wp-json\/wp\/v2\/media?parent=2430"}],"wp:term":[{"taxonomy":"category","embeddable":true,"href":"https:\/\/agora.xtec.cat\/ceipfmacia-orrius\/wp-json\/wp\/v2\/categories?post=2430"},{"taxonomy":"post_tag","embeddable":true,"href":"https:\/\/agora.xtec.cat\/ceipfmacia-orrius\/wp-json\/wp\/v2\/tags?post=2430"}],"curies":[{"name":"wp","href":"https:\/\/api.w.org\/{rel}","templated":true}]}}