{"id":2427,"date":"2021-11-09T15:01:37","date_gmt":"2021-11-09T14:01:37","guid":{"rendered":"https:\/\/agora.xtec.cat\/ceipfmacia-orrius\/?p=2427"},"modified":"2022-06-18T09:22:44","modified_gmt":"2022-06-18T07:22:44","slug":"espectacle-del-bibliobus","status":"publish","type":"post","link":"https:\/\/agora.xtec.cat\/ceipfmacia-orrius\/general\/espectacle-del-bibliobus\/","title":{"rendered":"Espectacle del Bibliobus"},"content":{"rendered":"<p>El passat dijous 28 tota l&#8217;escola vam assistir a l&#8217;espectacle que oferia el <a href=\"https:\/\/bibliotecavirtual.diba.cat\/bibliobus-montnegre\">Bibliobus<\/a> a la nostra escola. En aquest acte vam poder gaudir d&#8217;una estona de contacontes.<\/p>\n<p>Vam passar una tarda d&#8217;all\u00f2 m\u00e9s entretinguda! Gr\u00e0cies!<\/p>\n<p>Us deixem algunes fotografies <a href=\"https:\/\/photos.app.goo.gl\/XmYB8WiEYuGsSHdX7\">aqu\u00ed<\/a>.<\/p>\n","protected":false},"excerpt":{"rendered":"<p>El passat dijous 28 tota l&#8217;escola vam assistir a l&#8217;espectacle que oferia el <a href=\"https:\/\/bibliotecavirtual.diba.cat\/bibliobus-montnegre\">Bibliobus<\/a> a la nostra escola. En aquest acte vam poder gaudir d&#8217;una estona de contacontes.<br \/>\nVam passar una tarda d&#8217;all\u00f2 m\u00e9s entretinguda! Gr\u00e0cies!<br \/>\nUs deixem algunes fotografies <a href=\"https:\/\/photos.app.goo.gl\/XmYB8WiEYuGsSHdX7\">aqu\u00ed<\/a>.<\/p>\n","protected":false},"author":29,"featured_media":2428,"comment_status":"open","ping_status":"closed","sticky":false,"template":"","format":"standard","meta":{"_bbp_topic_count":0,"_bbp_reply_count":0,"_bbp_total_topic_count":0,"_bbp_total_reply_count":0,"_bbp_voice_count":0,"_bbp_anonymous_reply_count":0,"_bbp_topic_count_hidden":0,"_bbp_reply_count_hidden":0,"_bbp_forum_subforum_count":0,"footnotes":""},"categories":[10,1,3,13,8,14,4],"tags":[],"class_list":["post-2427","post","type-post","status-publish","format-standard","has-post-thumbnail","hentry","category-anelles-olimpiques","category-general","category-maons","category-mascotes-olimpiques","category-aquatics-infantil","category-porcs-senglars","category-portada"],"post_mailing_queue_ids":[],"_links":{"self":[{"href":"https:\/\/agora.xtec.cat\/ceipfmacia-orrius\/wp-json\/wp\/v2\/posts\/2427","targetHints":{"allow":["GET"]}}],"collection":[{"href":"https:\/\/agora.xtec.cat\/ceipfmacia-orrius\/wp-json\/wp\/v2\/posts"}],"about":[{"href":"https:\/\/agora.xtec.cat\/ceipfmacia-orrius\/wp-json\/wp\/v2\/types\/post"}],"author":[{"embeddable":true,"href":"https:\/\/agora.xtec.cat\/ceipfmacia-orrius\/wp-json\/wp\/v2\/users\/29"}],"replies":[{"embeddable":true,"href":"https:\/\/agora.xtec.cat\/ceipfmacia-orrius\/wp-json\/wp\/v2\/comments?post=2427"}],"version-history":[{"count":2,"href":"https:\/\/agora.xtec.cat\/ceipfmacia-orrius\/wp-json\/wp\/v2\/posts\/2427\/revisions"}],"predecessor-version":[{"id":2730,"href":"https:\/\/agora.xtec.cat\/ceipfmacia-orrius\/wp-json\/wp\/v2\/posts\/2427\/revisions\/2730"}],"wp:featuredmedia":[{"embeddable":true,"href":"https:\/\/agora.xtec.cat\/ceipfmacia-orrius\/wp-json\/wp\/v2\/media\/2428"}],"wp:attachment":[{"href":"https:\/\/agora.xtec.cat\/ceipfmacia-orrius\/wp-json\/wp\/v2\/media?parent=2427"}],"wp:term":[{"taxonomy":"category","embeddable":true,"href":"https:\/\/agora.xtec.cat\/ceipfmacia-orrius\/wp-json\/wp\/v2\/categories?post=2427"},{"taxonomy":"post_tag","embeddable":true,"href":"https:\/\/agora.xtec.cat\/ceipfmacia-orrius\/wp-json\/wp\/v2\/tags?post=2427"}],"curies":[{"name":"wp","href":"https:\/\/api.w.org\/{rel}","templated":true}]}}