{"id":2390,"date":"2021-10-11T20:41:19","date_gmt":"2021-10-11T18:41:19","guid":{"rendered":"https:\/\/agora.xtec.cat\/ceipfmacia-orrius\/?p=2390"},"modified":"2022-06-18T09:13:57","modified_gmt":"2022-06-18T07:13:57","slug":"museu-del-cantir-dargentona","status":"publish","type":"post","link":"https:\/\/agora.xtec.cat\/ceipfmacia-orrius\/general\/museu-del-cantir-dargentona\/","title":{"rendered":"Museu del C\u00e0ntir d&#8217;Argentona"},"content":{"rendered":"<p>El passat divendres els nens i nenes d&#8217;infantil i cicle inicial van fer una excursi\u00f3 a Argentona. All\u00e0 van poder visitar el <a href=\"http:\/\/www.museucantir.org\/\">Museu del C\u00e0ntir<\/a> i descobrir la funcionalitat i la import\u00e0ncia d&#8217;aquests c\u00e0ntirs pels nostres avantpassats. Tamb\u00e9, van visitar l&#8217;escola taller on cada infant va tenir l&#8217;oportunitat de crear una pe\u00e7a de cer\u00e0mica! Les voleu veure? Feu un cop d&#8217;ull a les fotografies! \ud83d\ude09<\/p>\n<p><a href=\"https:\/\/photos.app.goo.gl\/tej591GemF15mcoS9\">Fotografies C. Inicial<\/a><\/p>\n<p><a href=\"https:\/\/photos.app.goo.gl\/KGCoWG4EhNmzDRLL8\">Fotografies Infantil<\/a><\/p>\n","protected":false},"excerpt":{"rendered":"<p>El passat divendres els nens i nenes d&#8217;infantil i cicle inicial van fer una excursi\u00f3 a Argentona. All\u00e0 van poder visitar el <a href=\"http:\/\/www.museucantir.org\/\">Museu del C\u00e0ntir<\/a> i descobrir la funcionalitat i la import\u00e0ncia d&#8217;aquests c\u00e0ntirs pels nostres avantpassats. Tamb\u00e9, van visitar l&#8217;escola taller on cada&hellip;  <a href=\"https:\/\/agora.xtec.cat\/ceipfmacia-orrius\/general\/museu-del-cantir-dargentona\/\" title=\"Read Museu del C\u00e0ntir d&#8217;Argentona\">Llegeix m\u00e9s\u00bb<\/a><\/p>\n","protected":false},"author":29,"featured_media":2418,"comment_status":"open","ping_status":"closed","sticky":false,"template":"","format":"standard","meta":{"_bbp_topic_count":0,"_bbp_reply_count":0,"_bbp_total_topic_count":0,"_bbp_total_reply_count":0,"_bbp_voice_count":0,"_bbp_anonymous_reply_count":0,"_bbp_topic_count_hidden":0,"_bbp_reply_count_hidden":0,"_bbp_forum_subforum_count":0,"footnotes":""},"categories":[10,73,5,1,2,3,8,4],"tags":[],"class_list":["post-2390","post","type-post","status-publish","format-standard","has-post-thumbnail","hentry","category-anelles-olimpiques","category-art","category-ci","category-general","category-infantil","category-maons","category-aquatics-infantil","category-portada"],"post_mailing_queue_ids":[],"_links":{"self":[{"href":"https:\/\/agora.xtec.cat\/ceipfmacia-orrius\/wp-json\/wp\/v2\/posts\/2390","targetHints":{"allow":["GET"]}}],"collection":[{"href":"https:\/\/agora.xtec.cat\/ceipfmacia-orrius\/wp-json\/wp\/v2\/posts"}],"about":[{"href":"https:\/\/agora.xtec.cat\/ceipfmacia-orrius\/wp-json\/wp\/v2\/types\/post"}],"author":[{"embeddable":true,"href":"https:\/\/agora.xtec.cat\/ceipfmacia-orrius\/wp-json\/wp\/v2\/users\/29"}],"replies":[{"embeddable":true,"href":"https:\/\/agora.xtec.cat\/ceipfmacia-orrius\/wp-json\/wp\/v2\/comments?post=2390"}],"version-history":[{"count":3,"href":"https:\/\/agora.xtec.cat\/ceipfmacia-orrius\/wp-json\/wp\/v2\/posts\/2390\/revisions"}],"predecessor-version":[{"id":2729,"href":"https:\/\/agora.xtec.cat\/ceipfmacia-orrius\/wp-json\/wp\/v2\/posts\/2390\/revisions\/2729"}],"wp:featuredmedia":[{"embeddable":true,"href":"https:\/\/agora.xtec.cat\/ceipfmacia-orrius\/wp-json\/wp\/v2\/media\/2418"}],"wp:attachment":[{"href":"https:\/\/agora.xtec.cat\/ceipfmacia-orrius\/wp-json\/wp\/v2\/media?parent=2390"}],"wp:term":[{"taxonomy":"category","embeddable":true,"href":"https:\/\/agora.xtec.cat\/ceipfmacia-orrius\/wp-json\/wp\/v2\/categories?post=2390"},{"taxonomy":"post_tag","embeddable":true,"href":"https:\/\/agora.xtec.cat\/ceipfmacia-orrius\/wp-json\/wp\/v2\/tags?post=2390"}],"curies":[{"name":"wp","href":"https:\/\/api.w.org\/{rel}","templated":true}]}}