{"id":2296,"date":"2021-06-11T11:42:58","date_gmt":"2021-06-11T09:42:58","guid":{"rendered":"https:\/\/agora.xtec.cat\/ceipfmacia-orrius\/?p=2296"},"modified":"2021-07-24T11:46:23","modified_gmt":"2021-07-24T09:46:23","slug":"sortida-al-bosc-de-la-calma-i-al-castanyer","status":"publish","type":"post","link":"https:\/\/agora.xtec.cat\/ceipfmacia-orrius\/infantil\/sortida-al-bosc-de-la-calma-i-al-castanyer\/","title":{"rendered":"SORTIDA AL BOSC DE LA CALMA I AL CASTANYER"},"content":{"rendered":"<p>La nostra darrera sortida d\u2019entorn ha estat anar al bosc de la calma! Per arribar-hi abans hem passat pel nostre castanyer per veure com ha canviat des de la visita que li v\u00e0rem fer al febrer! Ara ja t\u00e9 unes fulles molt boniques, d\u2019un verd preci\u00f3s! Tamb\u00e9 ha guardat els poemes que li v\u00e0rem regalar.<br \/>\nQuan hem arribat al bosc de la calma, hem recorregut el laberint de les pedres en silenci, des de fora cap al centre, pensant, amb calma, en les nostres coses. Quanta pau trobem sovint en la natura! Despr\u00e9s de dinar hem jugat una bona estona entre els arbres i les pedres i ens ho hem passat molt b\u00e9!! Aqu\u00ed teniu les fotos!<\/p>\n<p><iframe loading=\"lazy\" width=\"640\" height=\"360\" frameborder=\"0\" title=\"2020-21 Bosc de la calma i castanyer 3\" src=\"https:\/\/www.kizoa.com\/embed-365525187-7165975o2l1\" webkitallowfullscreen=\"true\" allowfullscreen=\"true\" mozallowfullscreen=\"true\" ><\/iframe><\/p>\n","protected":false},"excerpt":{"rendered":"<p>La nostra darrera sortida d\u2019entorn ha estat anar al bosc de la calma! Per arribar-hi abans hem passat pel nostre castanyer per veure com ha canviat des de la visita que li v\u00e0rem fer al febrer! Ara ja t\u00e9 unes fulles molt boniques, d\u2019un verd&hellip;  <a href=\"https:\/\/agora.xtec.cat\/ceipfmacia-orrius\/infantil\/sortida-al-bosc-de-la-calma-i-al-castanyer\/\" title=\"Read SORTIDA AL BOSC DE LA CALMA I AL CASTANYER\">Llegeix m\u00e9s\u00bb<\/a><\/p>\n","protected":false},"author":17,"featured_media":0,"comment_status":"open","ping_status":"closed","sticky":false,"template":"","format":"standard","meta":{"_bbp_topic_count":0,"_bbp_reply_count":0,"_bbp_total_topic_count":0,"_bbp_total_reply_count":0,"_bbp_voice_count":0,"_bbp_anonymous_reply_count":0,"_bbp_topic_count_hidden":0,"_bbp_reply_count_hidden":0,"_bbp_forum_subforum_count":0,"footnotes":""},"categories":[2,3,8],"tags":[],"class_list":["post-2296","post","type-post","status-publish","format-standard","hentry","category-infantil","category-maons","category-aquatics-infantil"],"post_mailing_queue_ids":[],"_links":{"self":[{"href":"https:\/\/agora.xtec.cat\/ceipfmacia-orrius\/wp-json\/wp\/v2\/posts\/2296","targetHints":{"allow":["GET"]}}],"collection":[{"href":"https:\/\/agora.xtec.cat\/ceipfmacia-orrius\/wp-json\/wp\/v2\/posts"}],"about":[{"href":"https:\/\/agora.xtec.cat\/ceipfmacia-orrius\/wp-json\/wp\/v2\/types\/post"}],"author":[{"embeddable":true,"href":"https:\/\/agora.xtec.cat\/ceipfmacia-orrius\/wp-json\/wp\/v2\/users\/17"}],"replies":[{"embeddable":true,"href":"https:\/\/agora.xtec.cat\/ceipfmacia-orrius\/wp-json\/wp\/v2\/comments?post=2296"}],"version-history":[{"count":1,"href":"https:\/\/agora.xtec.cat\/ceipfmacia-orrius\/wp-json\/wp\/v2\/posts\/2296\/revisions"}],"predecessor-version":[{"id":2297,"href":"https:\/\/agora.xtec.cat\/ceipfmacia-orrius\/wp-json\/wp\/v2\/posts\/2296\/revisions\/2297"}],"wp:attachment":[{"href":"https:\/\/agora.xtec.cat\/ceipfmacia-orrius\/wp-json\/wp\/v2\/media?parent=2296"}],"wp:term":[{"taxonomy":"category","embeddable":true,"href":"https:\/\/agora.xtec.cat\/ceipfmacia-orrius\/wp-json\/wp\/v2\/categories?post=2296"},{"taxonomy":"post_tag","embeddable":true,"href":"https:\/\/agora.xtec.cat\/ceipfmacia-orrius\/wp-json\/wp\/v2\/tags?post=2296"}],"curies":[{"name":"wp","href":"https:\/\/api.w.org\/{rel}","templated":true}]}}