{"id":2284,"date":"2021-07-15T13:11:51","date_gmt":"2021-07-15T11:11:51","guid":{"rendered":"https:\/\/agora.xtec.cat\/ceipfmacia-orrius\/?p=2284"},"modified":"2021-07-15T13:11:51","modified_gmt":"2021-07-15T11:11:51","slug":"projecte-lenergia","status":"publish","type":"post","link":"https:\/\/agora.xtec.cat\/ceipfmacia-orrius\/cm\/mascotes-olimpiques\/projecte-lenergia\/","title":{"rendered":"PROJECTE &#8220;L&#8217;ENERGIA&#8221;"},"content":{"rendered":"<p>Tot seguit, trobareu un v\u00eddeo on us expliquem el projecte que la classe dels Legos hem realitzat el tercer trimestre, aquest fa refer\u00e8ncia a l\u2019energia, centrant-nos m\u00e9s en l\u2019electricitat. Hem quedat ben parats al descobrir que amb uns globus podem encendre una bombeta, o que amb llimones podem encendre una Led de 2 volts. I que b\u00e9 que ens ho hem passat fent circuits el\u00e8ctrics. Qu\u00e8, teniu ganes de veure-ho? Doncs vinga, feu-ho r\u00e0pid abans no es tanqui el llum!<\/p>\n<p><iframe loading=\"lazy\" src=\"https:\/\/www.youtube.com\/embed\/w923bOHTs2k\" width=\"560\" height=\"315\" frameborder=\"0\"><\/iframe><\/p>\n","protected":false},"excerpt":{"rendered":"<p>Tot seguit, trobareu un v\u00eddeo on us expliquem el projecte que la classe dels Legos hem realitzat el tercer trimestre, aquest fa refer\u00e8ncia a l\u2019energia, centrant-nos m\u00e9s en l\u2019electricitat. Hem quedat ben parats al descobrir que amb uns globus podem encendre una bombeta, o que&hellip;  <a href=\"https:\/\/agora.xtec.cat\/ceipfmacia-orrius\/cm\/mascotes-olimpiques\/projecte-lenergia\/\" title=\"Read PROJECTE &#8220;L&#8217;ENERGIA&#8221;\">Llegeix m\u00e9s\u00bb<\/a><\/p>\n","protected":false},"author":5,"featured_media":2286,"comment_status":"open","ping_status":"closed","sticky":false,"template":"","format":"standard","meta":{"_bbp_topic_count":0,"_bbp_reply_count":0,"_bbp_total_topic_count":0,"_bbp_total_reply_count":0,"_bbp_voice_count":0,"_bbp_anonymous_reply_count":0,"_bbp_topic_count_hidden":0,"_bbp_reply_count_hidden":0,"_bbp_forum_subforum_count":0,"footnotes":""},"categories":[13],"tags":[],"class_list":["post-2284","post","type-post","status-publish","format-standard","has-post-thumbnail","hentry","category-mascotes-olimpiques"],"post_mailing_queue_ids":[],"_links":{"self":[{"href":"https:\/\/agora.xtec.cat\/ceipfmacia-orrius\/wp-json\/wp\/v2\/posts\/2284","targetHints":{"allow":["GET"]}}],"collection":[{"href":"https:\/\/agora.xtec.cat\/ceipfmacia-orrius\/wp-json\/wp\/v2\/posts"}],"about":[{"href":"https:\/\/agora.xtec.cat\/ceipfmacia-orrius\/wp-json\/wp\/v2\/types\/post"}],"author":[{"embeddable":true,"href":"https:\/\/agora.xtec.cat\/ceipfmacia-orrius\/wp-json\/wp\/v2\/users\/5"}],"replies":[{"embeddable":true,"href":"https:\/\/agora.xtec.cat\/ceipfmacia-orrius\/wp-json\/wp\/v2\/comments?post=2284"}],"version-history":[{"count":1,"href":"https:\/\/agora.xtec.cat\/ceipfmacia-orrius\/wp-json\/wp\/v2\/posts\/2284\/revisions"}],"predecessor-version":[{"id":2285,"href":"https:\/\/agora.xtec.cat\/ceipfmacia-orrius\/wp-json\/wp\/v2\/posts\/2284\/revisions\/2285"}],"wp:featuredmedia":[{"embeddable":true,"href":"https:\/\/agora.xtec.cat\/ceipfmacia-orrius\/wp-json\/wp\/v2\/media\/2286"}],"wp:attachment":[{"href":"https:\/\/agora.xtec.cat\/ceipfmacia-orrius\/wp-json\/wp\/v2\/media?parent=2284"}],"wp:term":[{"taxonomy":"category","embeddable":true,"href":"https:\/\/agora.xtec.cat\/ceipfmacia-orrius\/wp-json\/wp\/v2\/categories?post=2284"},{"taxonomy":"post_tag","embeddable":true,"href":"https:\/\/agora.xtec.cat\/ceipfmacia-orrius\/wp-json\/wp\/v2\/tags?post=2284"}],"curies":[{"name":"wp","href":"https:\/\/api.w.org\/{rel}","templated":true}]}}