{"id":2272,"date":"2020-11-25T11:31:27","date_gmt":"2020-11-25T10:31:27","guid":{"rendered":"https:\/\/agora.xtec.cat\/ceipfmacia-orrius\/?p=2272"},"modified":"2021-07-15T11:59:10","modified_gmt":"2021-07-15T09:59:10","slug":"celebrem-el-dia-de-la-musica","status":"publish","type":"post","link":"https:\/\/agora.xtec.cat\/ceipfmacia-orrius\/cm\/llops\/celebrem-el-dia-de-la-musica\/","title":{"rendered":"CELEBREM EL DIA DE LA M\u00daSICA"},"content":{"rendered":"<p>El dilluns 23 de novembre, a l\u2019escola, vam celebrar el dia de Santa Cec\u00edlia que \u00e9s la patrona dels m\u00fasics. El dia de la m\u00fasica \u00e9s el 22 de novembre, per\u00f2 tots els sants tenen capvuitada (tenen vuit dies per felicitar-los o celebrar-ho). A l\u2019escola ens agrada especialment la m\u00fasica, per aix\u00f2 cada any ho celebrem.<\/p>\n<p>Pel mat\u00ed va venir en Santi Serratosa, \u00e9s un m\u00fasic que va per les escoles fent tallers de percussi\u00f3 corporal. Per tant vam estar molta estona fent ritmes amb els peus, les mans, la panxa, el pit, el cap\u2026 en definitiva tot el cos! Va ser un taller molt divertit!<\/p>\n<p>A la tarda vam anar de concert al poliesportiu, gr\u00e0cies a la brillant idea de la Ll\u00facia. L\u2019artista, en Jaume Barri, tamb\u00e9 ens va fer moure l\u2019esquelet sense parar, i aix\u00f2 que nom\u00e9s tocava amb mitja guitarra.<\/p>\n<p>Ens va fer posar en parelles i vam ballar com si estigu\u00e9ssim en diferents atraccions d\u2019una fira. Tamb\u00e9 vam haver de ballar com si f\u00f3ssim animals, els companys ens feien una rotllana i el que estava al mig ballava com volia. Ens va fer ballar tot el grup junt fent un tren, i cada vegada es complicava m\u00e9s la forma de despla\u00e7ar-nos, aix\u00ed i tot, vam superar les proves. Quan ja ens hav\u00edem proclamat campions, va arribar l\u2019hora de la veritat, seguint els mestres, vam ballar com si estigu\u00e9ssim de deb\u00f2, en un concert, va ser un moment genial per ballar, saltar i cridar.<\/p>\n<p>Ens ho vam passar molt b\u00e9, ens va sorprendre i agradar aquesta forma de celebrar el dia de la m\u00fasica. Volem repetir-ho!<\/p>\n<p>&nbsp;<\/p>\n<p><iframe loading=\"lazy\" src=\"https:\/\/www.youtube.com\/embed\/_GQqYFZyX04\" width=\"560\" height=\"315\" frameborder=\"0\"><\/iframe><\/p>\n","protected":false},"excerpt":{"rendered":"<p>El dilluns 23 de novembre, a l\u2019escola, vam celebrar el dia de Santa Cec\u00edlia que \u00e9s la patrona dels m\u00fasics. El dia de la m\u00fasica \u00e9s el 22 de novembre, per\u00f2 tots els sants tenen capvuitada (tenen vuit dies per felicitar-los o celebrar-ho). A l\u2019escola&hellip;  <a href=\"https:\/\/agora.xtec.cat\/ceipfmacia-orrius\/cm\/llops\/celebrem-el-dia-de-la-musica\/\" title=\"Read CELEBREM EL DIA DE LA M\u00daSICA\">Llegeix m\u00e9s\u00bb<\/a><\/p>\n","protected":false},"author":5,"featured_media":2276,"comment_status":"open","ping_status":"closed","sticky":false,"template":"","format":"standard","meta":{"_bbp_topic_count":0,"_bbp_reply_count":0,"_bbp_total_topic_count":0,"_bbp_total_reply_count":0,"_bbp_voice_count":0,"_bbp_anonymous_reply_count":0,"_bbp_topic_count_hidden":0,"_bbp_reply_count_hidden":0,"_bbp_forum_subforum_count":0,"footnotes":""},"categories":[60,72,12,13,70],"tags":[],"class_list":["post-2272","post","type-post","status-publish","format-standard","has-post-thumbnail","hentry","category-cm","category-exp-corporal","category-llops","category-mascotes-olimpiques","category-musica"],"post_mailing_queue_ids":[],"_links":{"self":[{"href":"https:\/\/agora.xtec.cat\/ceipfmacia-orrius\/wp-json\/wp\/v2\/posts\/2272","targetHints":{"allow":["GET"]}}],"collection":[{"href":"https:\/\/agora.xtec.cat\/ceipfmacia-orrius\/wp-json\/wp\/v2\/posts"}],"about":[{"href":"https:\/\/agora.xtec.cat\/ceipfmacia-orrius\/wp-json\/wp\/v2\/types\/post"}],"author":[{"embeddable":true,"href":"https:\/\/agora.xtec.cat\/ceipfmacia-orrius\/wp-json\/wp\/v2\/users\/5"}],"replies":[{"embeddable":true,"href":"https:\/\/agora.xtec.cat\/ceipfmacia-orrius\/wp-json\/wp\/v2\/comments?post=2272"}],"version-history":[{"count":2,"href":"https:\/\/agora.xtec.cat\/ceipfmacia-orrius\/wp-json\/wp\/v2\/posts\/2272\/revisions"}],"predecessor-version":[{"id":2275,"href":"https:\/\/agora.xtec.cat\/ceipfmacia-orrius\/wp-json\/wp\/v2\/posts\/2272\/revisions\/2275"}],"wp:featuredmedia":[{"embeddable":true,"href":"https:\/\/agora.xtec.cat\/ceipfmacia-orrius\/wp-json\/wp\/v2\/media\/2276"}],"wp:attachment":[{"href":"https:\/\/agora.xtec.cat\/ceipfmacia-orrius\/wp-json\/wp\/v2\/media?parent=2272"}],"wp:term":[{"taxonomy":"category","embeddable":true,"href":"https:\/\/agora.xtec.cat\/ceipfmacia-orrius\/wp-json\/wp\/v2\/categories?post=2272"},{"taxonomy":"post_tag","embeddable":true,"href":"https:\/\/agora.xtec.cat\/ceipfmacia-orrius\/wp-json\/wp\/v2\/tags?post=2272"}],"curies":[{"name":"wp","href":"https:\/\/api.w.org\/{rel}","templated":true}]}}