{"id":2266,"date":"2021-06-13T08:54:52","date_gmt":"2021-06-13T06:54:52","guid":{"rendered":"https:\/\/agora.xtec.cat\/ceipfmacia-orrius\/?p=2266"},"modified":"2021-06-13T08:54:52","modified_gmt":"2021-06-13T06:54:52","slug":"setmana-compartida-dels-i-les-protagonistes-de-p4","status":"publish","type":"post","link":"https:\/\/agora.xtec.cat\/ceipfmacia-orrius\/infantil\/aquatics-infantil\/setmana-compartida-dels-i-les-protagonistes-de-p4\/","title":{"rendered":"SETMANA COMPARTIDA DELS I LES PROTAGONISTES DE P4"},"content":{"rendered":"<p>La setmana passada vam fer la <strong>setmana de les protagonistes de p4<\/strong>. La Sarah, en Roger, en Miguel, la Saori, en Pep i en Leo \u00c1vila, van compartir el rac\u00f3 del protagonista, alguns van poder comparar la mesura de la seva al\u00e7ada actual amb la de l&#8217;any passat de quan van ser &#8220;\u00d3ssos&#8221;.<\/p>\n<p>I finalment, tot infantil vam poder gaudir d&#8217;una gimcana genial que ens van preparar les fam\u00edlies d&#8217;aquests infants de p4.<\/p>\n<p>Aqu\u00ed en teniu un resum fotogr\u00e0fic en PDF, de la classe dels investigadors i investigadores.<\/p>\n<p><a href=\"https:\/\/drive.google.com\/file\/d\/1tqtttfTFs9yU-e2jKac82iFVs4TBcdAp\/view?usp=sharing\">RECULL DE FOTOS PROTAGONISTES DE P4 JUNTS<\/a><\/p>\n<p>&nbsp;<\/p>\n","protected":false},"excerpt":{"rendered":"<p>La setmana passada vam fer la setmana de les protagonistes de p4. La Sarah, en Roger, en Miguel, la Saori, en Pep i en Leo \u00c1vila, van compartir el rac\u00f3 del protagonista, alguns van poder comparar la mesura de la seva al\u00e7ada actual amb la&hellip;  <a href=\"https:\/\/agora.xtec.cat\/ceipfmacia-orrius\/infantil\/aquatics-infantil\/setmana-compartida-dels-i-les-protagonistes-de-p4\/\" title=\"Read SETMANA COMPARTIDA DELS I LES PROTAGONISTES DE P4\">Llegeix m\u00e9s\u00bb<\/a><\/p>\n","protected":false},"author":13,"featured_media":0,"comment_status":"open","ping_status":"closed","sticky":false,"template":"","format":"standard","meta":{"_bbp_topic_count":0,"_bbp_reply_count":0,"_bbp_total_topic_count":0,"_bbp_total_reply_count":0,"_bbp_voice_count":0,"_bbp_anonymous_reply_count":0,"_bbp_topic_count_hidden":0,"_bbp_reply_count_hidden":0,"_bbp_forum_subforum_count":0,"footnotes":""},"categories":[8],"tags":[],"class_list":["post-2266","post","type-post","status-publish","format-standard","hentry","category-aquatics-infantil"],"post_mailing_queue_ids":[],"_links":{"self":[{"href":"https:\/\/agora.xtec.cat\/ceipfmacia-orrius\/wp-json\/wp\/v2\/posts\/2266","targetHints":{"allow":["GET"]}}],"collection":[{"href":"https:\/\/agora.xtec.cat\/ceipfmacia-orrius\/wp-json\/wp\/v2\/posts"}],"about":[{"href":"https:\/\/agora.xtec.cat\/ceipfmacia-orrius\/wp-json\/wp\/v2\/types\/post"}],"author":[{"embeddable":true,"href":"https:\/\/agora.xtec.cat\/ceipfmacia-orrius\/wp-json\/wp\/v2\/users\/13"}],"replies":[{"embeddable":true,"href":"https:\/\/agora.xtec.cat\/ceipfmacia-orrius\/wp-json\/wp\/v2\/comments?post=2266"}],"version-history":[{"count":1,"href":"https:\/\/agora.xtec.cat\/ceipfmacia-orrius\/wp-json\/wp\/v2\/posts\/2266\/revisions"}],"predecessor-version":[{"id":2267,"href":"https:\/\/agora.xtec.cat\/ceipfmacia-orrius\/wp-json\/wp\/v2\/posts\/2266\/revisions\/2267"}],"wp:attachment":[{"href":"https:\/\/agora.xtec.cat\/ceipfmacia-orrius\/wp-json\/wp\/v2\/media?parent=2266"}],"wp:term":[{"taxonomy":"category","embeddable":true,"href":"https:\/\/agora.xtec.cat\/ceipfmacia-orrius\/wp-json\/wp\/v2\/categories?post=2266"},{"taxonomy":"post_tag","embeddable":true,"href":"https:\/\/agora.xtec.cat\/ceipfmacia-orrius\/wp-json\/wp\/v2\/tags?post=2266"}],"curies":[{"name":"wp","href":"https:\/\/api.w.org\/{rel}","templated":true}]}}