{"id":2229,"date":"2021-04-28T21:18:34","date_gmt":"2021-04-28T19:18:34","guid":{"rendered":"https:\/\/agora.xtec.cat\/ceipfmacia-orrius\/?p=2229"},"modified":"2021-05-17T06:45:07","modified_gmt":"2021-05-17T04:45:07","slug":"sant-jordi","status":"publish","type":"post","link":"https:\/\/agora.xtec.cat\/ceipfmacia-orrius\/infantil\/maons\/sant-jordi\/","title":{"rendered":"Sant Jordi!"},"content":{"rendered":"<p>Aquesta ha estat la setmana de Sant Jordi i ens ha fet molta il\u00b7lusi\u00f3 tornar a celebrar aquesta diada tan bonica i important! Hem estat for\u00e7a enfeinats preparant la nostra caixa de Sant Jordi i escrivint el nostre conte en el que, la protagonista, era l&#8217;Antonieta! Tamb\u00e9 ens hem disfressat com els personatges de la llegenda de Sant Jordi i hem apr\u00e8s i cantat les can\u00e7ons que en parlen! Arribat el dia, com cada any, hem anat a la pla\u00e7a del poble per triar un dels llibres de la parada per portar-lo a casa uns dies!  I despr\u00e9s, a la tarda, hem tingut una sorpresa molt especial: el gegant Andreu ens ha vingut a veure i l&#8217;hem acompanyat tots a fer un tomb pels voltants de l&#8217;escola! Ens ha fet molta il\u00b7lusi\u00f3 perqu\u00e8 feia molts dies que no sortia al carrer! Ha estat un dia de Sant Jordi fant\u00e0stic i molt emocionant!! Aqu\u00ed teniu les fotos de tots aquests moments tan especials!<\/p>\n<p><iframe loading=\"lazy\" width=\"640\" height=\"360\" frameborder=\"0\" title=\"2020-21 Sant Jordi\" src=\"https:\/\/www.kizoa.com\/embed-359977379-5162084o2l1\" webkitallowfullscreen=\"true\" allowfullscreen=\"true\" mozallowfullscreen=\"true\" ><\/iframe><\/p>\n","protected":false},"excerpt":{"rendered":"<p>Aquesta ha estat la setmana de Sant Jordi i ens ha fet molta il\u00b7lusi\u00f3 tornar a celebrar aquesta diada tan bonica i important! Hem estat for\u00e7a enfeinats preparant la nostra caixa de Sant Jordi i escrivint el nostre conte en el que, la protagonista, era&hellip;  <a href=\"https:\/\/agora.xtec.cat\/ceipfmacia-orrius\/infantil\/maons\/sant-jordi\/\" title=\"Read Sant Jordi!\">Llegeix m\u00e9s\u00bb<\/a><\/p>\n","protected":false},"author":17,"featured_media":0,"comment_status":"open","ping_status":"closed","sticky":false,"template":"","format":"standard","meta":{"_bbp_topic_count":0,"_bbp_reply_count":0,"_bbp_total_topic_count":0,"_bbp_total_reply_count":0,"_bbp_voice_count":0,"_bbp_anonymous_reply_count":0,"_bbp_topic_count_hidden":0,"_bbp_reply_count_hidden":0,"_bbp_forum_subforum_count":0,"footnotes":""},"categories":[3],"tags":[],"class_list":["post-2229","post","type-post","status-publish","format-standard","hentry","category-maons"],"post_mailing_queue_ids":[],"_links":{"self":[{"href":"https:\/\/agora.xtec.cat\/ceipfmacia-orrius\/wp-json\/wp\/v2\/posts\/2229","targetHints":{"allow":["GET"]}}],"collection":[{"href":"https:\/\/agora.xtec.cat\/ceipfmacia-orrius\/wp-json\/wp\/v2\/posts"}],"about":[{"href":"https:\/\/agora.xtec.cat\/ceipfmacia-orrius\/wp-json\/wp\/v2\/types\/post"}],"author":[{"embeddable":true,"href":"https:\/\/agora.xtec.cat\/ceipfmacia-orrius\/wp-json\/wp\/v2\/users\/17"}],"replies":[{"embeddable":true,"href":"https:\/\/agora.xtec.cat\/ceipfmacia-orrius\/wp-json\/wp\/v2\/comments?post=2229"}],"version-history":[{"count":3,"href":"https:\/\/agora.xtec.cat\/ceipfmacia-orrius\/wp-json\/wp\/v2\/posts\/2229\/revisions"}],"predecessor-version":[{"id":2233,"href":"https:\/\/agora.xtec.cat\/ceipfmacia-orrius\/wp-json\/wp\/v2\/posts\/2229\/revisions\/2233"}],"wp:attachment":[{"href":"https:\/\/agora.xtec.cat\/ceipfmacia-orrius\/wp-json\/wp\/v2\/media?parent=2229"}],"wp:term":[{"taxonomy":"category","embeddable":true,"href":"https:\/\/agora.xtec.cat\/ceipfmacia-orrius\/wp-json\/wp\/v2\/categories?post=2229"},{"taxonomy":"post_tag","embeddable":true,"href":"https:\/\/agora.xtec.cat\/ceipfmacia-orrius\/wp-json\/wp\/v2\/tags?post=2229"}],"curies":[{"name":"wp","href":"https:\/\/api.w.org\/{rel}","templated":true}]}}