{"id":2222,"date":"2021-04-20T20:49:44","date_gmt":"2021-04-20T18:49:44","guid":{"rendered":"https:\/\/agora.xtec.cat\/ceipfmacia-orrius\/?p=2222"},"modified":"2021-05-16T21:17:55","modified_gmt":"2021-05-16T19:17:55","slug":"protagonista-la-greta","status":"publish","type":"post","link":"https:\/\/agora.xtec.cat\/ceipfmacia-orrius\/infantil\/maons\/protagonista-la-greta\/","title":{"rendered":"Protagonista: la Greta!"},"content":{"rendered":"<p>Aquesta setmana la Greta de P-5 ha estat la nostra Protagonista! La Greta ens ha portat la seva caixa dels tresors, ha muntat el seu rac\u00f3 i ha compartit les seves coses amb nosaltres!La Greta tamb\u00e9 ens ha explicat quina \u00e9s la feina dels seus pares i la seva mare, l&#8217;Eul\u00e0lia ens ha preparat un v\u00eddeo en el que ens ha ensenyat l&#8217;escola on treballa com a integradora social i tamb\u00e9 ens ha explicat un conte que ens ha agradat molt: &#8220;Per quatre cantonades de no res&#8221;. Despr\u00e9s ens han proposat de fer unes din\u00e0miques per treballar en equip i un dibuix cooperatiu que hem fet amb la pantalla interactiva. Per acabar ens esperava una sorpresa: una marieta de xocolata per cadasc\u00fa!! Moltes gr\u00e0cies pares i Greta, ens ho hem passat molt b\u00e9 amb tot el que ens heu preparat i hem apr\u00e8s que fer les coses en equip \u00e9s molt important! <\/p>\n<p><iframe loading=\"lazy\" width=\"640\" height=\"360\" frameborder=\"0\" title=\"2020-21 Protagonista Greta\" src=\"https:\/\/www.kizoa.com\/embed-359110805-1748667o2l1\" webkitallowfullscreen=\"true\" allowfullscreen=\"true\" mozallowfullscreen=\"true\" ><\/iframe><\/p>\n","protected":false},"excerpt":{"rendered":"<p>Aquesta setmana la Greta de P-5 ha estat la nostra Protagonista! La Greta ens ha portat la seva caixa dels tresors, ha muntat el seu rac\u00f3 i ha compartit les seves coses amb nosaltres!La Greta tamb\u00e9 ens ha explicat quina \u00e9s la feina dels seus&hellip;  <a href=\"https:\/\/agora.xtec.cat\/ceipfmacia-orrius\/infantil\/maons\/protagonista-la-greta\/\" title=\"Read Protagonista: la Greta!\">Llegeix m\u00e9s\u00bb<\/a><\/p>\n","protected":false},"author":17,"featured_media":0,"comment_status":"open","ping_status":"closed","sticky":false,"template":"","format":"standard","meta":{"_bbp_topic_count":0,"_bbp_reply_count":0,"_bbp_total_topic_count":0,"_bbp_total_reply_count":0,"_bbp_voice_count":0,"_bbp_anonymous_reply_count":0,"_bbp_topic_count_hidden":0,"_bbp_reply_count_hidden":0,"_bbp_forum_subforum_count":0,"footnotes":""},"categories":[3],"tags":[],"class_list":["post-2222","post","type-post","status-publish","format-standard","hentry","category-maons"],"post_mailing_queue_ids":[],"_links":{"self":[{"href":"https:\/\/agora.xtec.cat\/ceipfmacia-orrius\/wp-json\/wp\/v2\/posts\/2222","targetHints":{"allow":["GET"]}}],"collection":[{"href":"https:\/\/agora.xtec.cat\/ceipfmacia-orrius\/wp-json\/wp\/v2\/posts"}],"about":[{"href":"https:\/\/agora.xtec.cat\/ceipfmacia-orrius\/wp-json\/wp\/v2\/types\/post"}],"author":[{"embeddable":true,"href":"https:\/\/agora.xtec.cat\/ceipfmacia-orrius\/wp-json\/wp\/v2\/users\/17"}],"replies":[{"embeddable":true,"href":"https:\/\/agora.xtec.cat\/ceipfmacia-orrius\/wp-json\/wp\/v2\/comments?post=2222"}],"version-history":[{"count":3,"href":"https:\/\/agora.xtec.cat\/ceipfmacia-orrius\/wp-json\/wp\/v2\/posts\/2222\/revisions"}],"predecessor-version":[{"id":2228,"href":"https:\/\/agora.xtec.cat\/ceipfmacia-orrius\/wp-json\/wp\/v2\/posts\/2222\/revisions\/2228"}],"wp:attachment":[{"href":"https:\/\/agora.xtec.cat\/ceipfmacia-orrius\/wp-json\/wp\/v2\/media?parent=2222"}],"wp:term":[{"taxonomy":"category","embeddable":true,"href":"https:\/\/agora.xtec.cat\/ceipfmacia-orrius\/wp-json\/wp\/v2\/categories?post=2222"},{"taxonomy":"post_tag","embeddable":true,"href":"https:\/\/agora.xtec.cat\/ceipfmacia-orrius\/wp-json\/wp\/v2\/tags?post=2222"}],"curies":[{"name":"wp","href":"https:\/\/api.w.org\/{rel}","templated":true}]}}