{"id":2087,"date":"2021-04-06T19:49:29","date_gmt":"2021-04-06T17:49:29","guid":{"rendered":"https:\/\/agora.xtec.cat\/ceipfmacia-orrius\/?p=2087"},"modified":"2021-04-18T19:55:42","modified_gmt":"2021-04-18T17:55:42","slug":"moments-daula-2","status":"publish","type":"post","link":"https:\/\/agora.xtec.cat\/ceipfmacia-orrius\/infantil\/maons\/moments-daula-2\/","title":{"rendered":"Moments d&#8217;aula!"},"content":{"rendered":"<p>Volem compartir amb vosaltres altres moments d&#8217;aula com la feina que fem amb el Monstre de colors,amb el que hem treballat la r\u00e0bia i la tristesa, les sessions de grafisme, la taula dels materials&#8230;i tamb\u00e9 altres moments d&#8217;aula en els que tamb\u00e9 estem molt b\u00e9!<\/p>\n<p><iframe loading=\"lazy\" width=\"640\" height=\"360\" frameborder=\"0\" title=\"2020-21 moments d'aula\" src=\"https:\/\/www.kizoa.com\/embed-356516803-2331965o2l1\" webkitallowfullscreen=\"true\" allowfullscreen=\"true\" mozallowfullscreen=\"true\" ><\/iframe><\/p>\n","protected":false},"excerpt":{"rendered":"<p>Volem compartir amb vosaltres altres moments d&#8217;aula com la feina que fem amb el Monstre de colors,amb el que hem treballat la r\u00e0bia i la tristesa, les sessions de grafisme, la taula dels materials&#8230;i tamb\u00e9 altres moments d&#8217;aula en els que tamb\u00e9 estem molt b\u00e9!<\/p>\n","protected":false},"author":17,"featured_media":0,"comment_status":"open","ping_status":"closed","sticky":false,"template":"","format":"standard","meta":{"_bbp_topic_count":0,"_bbp_reply_count":0,"_bbp_total_topic_count":0,"_bbp_total_reply_count":0,"_bbp_voice_count":0,"_bbp_anonymous_reply_count":0,"_bbp_topic_count_hidden":0,"_bbp_reply_count_hidden":0,"_bbp_forum_subforum_count":0,"footnotes":""},"categories":[3],"tags":[],"class_list":["post-2087","post","type-post","status-publish","format-standard","hentry","category-maons"],"post_mailing_queue_ids":[],"_links":{"self":[{"href":"https:\/\/agora.xtec.cat\/ceipfmacia-orrius\/wp-json\/wp\/v2\/posts\/2087","targetHints":{"allow":["GET"]}}],"collection":[{"href":"https:\/\/agora.xtec.cat\/ceipfmacia-orrius\/wp-json\/wp\/v2\/posts"}],"about":[{"href":"https:\/\/agora.xtec.cat\/ceipfmacia-orrius\/wp-json\/wp\/v2\/types\/post"}],"author":[{"embeddable":true,"href":"https:\/\/agora.xtec.cat\/ceipfmacia-orrius\/wp-json\/wp\/v2\/users\/17"}],"replies":[{"embeddable":true,"href":"https:\/\/agora.xtec.cat\/ceipfmacia-orrius\/wp-json\/wp\/v2\/comments?post=2087"}],"version-history":[{"count":3,"href":"https:\/\/agora.xtec.cat\/ceipfmacia-orrius\/wp-json\/wp\/v2\/posts\/2087\/revisions"}],"predecessor-version":[{"id":2127,"href":"https:\/\/agora.xtec.cat\/ceipfmacia-orrius\/wp-json\/wp\/v2\/posts\/2087\/revisions\/2127"}],"wp:attachment":[{"href":"https:\/\/agora.xtec.cat\/ceipfmacia-orrius\/wp-json\/wp\/v2\/media?parent=2087"}],"wp:term":[{"taxonomy":"category","embeddable":true,"href":"https:\/\/agora.xtec.cat\/ceipfmacia-orrius\/wp-json\/wp\/v2\/categories?post=2087"},{"taxonomy":"post_tag","embeddable":true,"href":"https:\/\/agora.xtec.cat\/ceipfmacia-orrius\/wp-json\/wp\/v2\/tags?post=2087"}],"curies":[{"name":"wp","href":"https:\/\/api.w.org\/{rel}","templated":true}]}}