{"id":2053,"date":"2021-03-12T08:58:58","date_gmt":"2021-03-12T07:58:58","guid":{"rendered":"https:\/\/agora.xtec.cat\/ceipfmacia-orrius\/?p=2053"},"modified":"2022-02-23T17:47:13","modified_gmt":"2022-02-23T16:47:13","slug":"preinscripcio-20-21-2","status":"publish","type":"post","link":"https:\/\/agora.xtec.cat\/ceipfmacia-orrius\/portada\/preinscripcio-20-21-2\/","title":{"rendered":"Preinscripci\u00f3 20-21 (actualitzat a 19\/04\/2021)"},"content":{"rendered":"<p>&nbsp;<\/p>\n<p>Publicaci\u00f3 de la llista de sol\u00b7licituds que han demanat el centre i l&#8217;ensenyament en primera petici\u00f3 amb el barem provisional a 19\/04\/2021<\/p>\n<p>&nbsp;<\/p>\n<p><strong><a href=\"https:\/\/agora.xtec.cat\/ceipfmacia-orrius\/wp-content\/uploads\/usu2067\/2021\/03\/INFORME_ASSIGNADES_INFORME_ASSIGNADES.pdf\">LLISTAT D&#8217;ALUMNES ASSIGNATS<\/a><\/strong><\/p>\n<p><strong><a href=\"https:\/\/agora.xtec.cat\/ceipfmacia-orrius\/wp-content\/uploads\/usu2067\/2021\/03\/INFORME_OFERTA_OME_INFORME_OFERTA-2.pdf\">Oferta de places definitiu curs 21-22<\/a><\/strong><\/p>\n<h3><a href=\"https:\/\/agora.xtec.cat\/ceipfmacia-orrius\/wp-content\/uploads\/usu2067\/2021\/03\/INFORME_BAREM_DEFINITIU_BAREM.pdf\">INFORME BAREM DEFINITIU ORDENAT<\/a><\/h3>\n<h3><a href=\"https:\/\/agora.xtec.cat\/ceipfmacia-orrius\/wp-content\/uploads\/usu2067\/2021\/03\/INFORME_BAREM_RESOLTES_BAREM.pdf\" target=\"_blank\" rel=\"noopener noreferrer\">Informe del Barem Definitiu<\/a><\/h3>\n<h3><strong><a href=\"https:\/\/agora.xtec.cat\/ceipfmacia-orrius\/wp-content\/uploads\/usu2067\/2021\/03\/INFORME_BAREM_PROVISIONAL_BAREM.pdf\">Informe Barem preinscripci\u00f3 20-21<\/a><\/strong><\/h3>\n<h3><a href=\"https:\/\/agora.xtec.cat\/ceipfmacia-orrius\/wp-content\/uploads\/usu2067\/2021\/03\/INFORME_OFERTA_OME_INFORME_OFERTA.pdf\">Oferta de places escolars 21-22<\/a><\/h3>\n<h3><a href=\"http:\/\/mapaescolar.gencat.cat\/\"><span style=\"text-decoration: underline;\"><strong>Acc\u00e9s al mapa escolar de catalunya<\/strong><\/span><\/a><\/h3>\n<p>(posar codi de centre 08022574 a la primera casella)<\/p>\n<h3><span style=\"text-decoration: underline;\"><strong>Calendari de preincripci\u00f3 del 15 al 24 de maig.<\/strong><\/span><\/h3>\n<p><strong><a href=\"https:\/\/preinscripcio.gencat.cat\/ca\/estudis\/infantil-3-6\/preinscriute\/\">Acc\u00e9s al tr\u00e0mit telem\u00e0tic<\/a> <\/strong>(a partir del 15 de maig a les 9 hores), tota la tramitaci\u00f3 i entrega de documentaci\u00f3 es far\u00e0 de forma telem\u00e0tica. En cas que tingueu dubtes podeu consultar l<a href=\"https:\/\/preinscripcio.gencat.cat\/ca\/estudis\/infantil-3-6\/preinscriute\/dubtes\/\">a web del departament<\/a> o posar-vos en contacte amb l&#8217;escola (escola@escolaorrius.cat, 937970006).<\/p>\n<p>L&#8217;aplicaci\u00f3 de preinscripci\u00f3 tancar\u00e0 a les dotze de la nit del dia 24 de maig.<\/p>\n<p>Resta de calendari:<\/p>\n<ul>\n<li>Presentaci\u00f3 de documentaci\u00f3 (que no s&#8217;hagi pogut adjuntar): 25-26 de mar\u00e7 de 2021<\/li>\n<li>Llista amb puntuaci\u00f3 provisional: 19 d&#8217;abril de 2021<\/li>\n<li>Presentaci\u00f3 de reclamacions: Del 20 al 26 d&#8217;abril de 2021<\/li>\n<li>Llista de sol\u00b7licituds amb la puntuaci\u00f3 un cop resoltes les reclamacions: 30 d&#8217;abril del 2021<\/li>\n<li>Sorteig del n\u00famero de desempat: 5 de maig del 2021, a les 11 h<\/li>\n<li>Llista ordenada definitiva: 7 de maig del 2021<\/li>\n<li>Ampliaci\u00f3 de petici\u00f3 de centres per a les sol\u00b7licituds que no han obtingut cap assignaci\u00f3 (assignaci\u00f3 d&#8217;ofici): del 26 al 28 de maig del 2021<\/li>\n<li>Oferta final de places escolars: 4 de juny del 2021<\/li>\n<li>Llista d&#8217;alumnes admesos i llista d&#8217;espera: 7 de juny del 2021<\/li>\n<\/ul>\n<h3><span style=\"text-decoration: underline;\"><strong><a href=\"http:\/\/queestudiar.gencat.cat\/ca\/preinscripcio\/estudis\/obligatoris\/\">Web del departament amb tota la informaci\u00f3<\/a><\/strong><\/span><\/h3>\n","protected":false},"excerpt":{"rendered":"<p>&nbsp;<br \/>\nPublicaci\u00f3 de la llista de sol\u00b7licituds que han demanat el centre i l&#8217;ensenyament en primera petici\u00f3 amb el barem provisional a 19\/04\/2021<br \/>\n&nbsp;<br \/>\n<a href=\"https:\/\/agora.xtec.cat\/ceipfmacia-orrius\/wp-content\/uploads\/usu2067\/2021\/03\/INFORME_ASSIGNADES_INFORME_ASSIGNADES.pdf\">LLISTAT D&#8217;ALUMNES ASSIGNATS<\/a><br \/>\n<a href=\"https:\/\/agora.xtec.cat\/ceipfmacia-orrius\/wp-content\/uploads\/usu2067\/2021\/03\/INFORME_OFERTA_OME_INFORME_OFERTA-2.pdf\">Oferta de places definitiu curs 21-22<\/a><br \/>\n<a href=\"https:\/\/agora.xtec.cat\/ceipfmacia-orrius\/wp-content\/uploads\/usu2067\/2021\/03\/INFORME_BAREM_DEFINITIU_BAREM.pdf\">INFORME BAREM DEFINITIU ORDENAT<\/a><br \/>\n<a href=\"https:\/\/agora.xtec.cat\/ceipfmacia-orrius\/wp-content\/uploads\/usu2067\/2021\/03\/INFORME_BAREM_RESOLTES_BAREM.pdf\" target=\"_blank\" rel=\"noopener noreferrer\">Informe del Barem Definitiu<\/a><br \/>\n<a href=\"https:\/\/agora.xtec.cat\/ceipfmacia-orrius\/wp-content\/uploads\/usu2067\/2021\/03\/INFORME_BAREM_PROVISIONAL_BAREM.pdf\">Informe Barem preinscripci\u00f3&hellip;  <a href=\"https:\/\/agora.xtec.cat\/ceipfmacia-orrius\/portada\/preinscripcio-20-21-2\/\" title=\"Read Preinscripci\u00f3 20-21 (actualitzat a 19\/04\/2021)\">Llegeix m\u00e9s\u00bb<\/a><\/p>\n","protected":false},"author":4,"featured_media":0,"comment_status":"open","ping_status":"closed","sticky":false,"template":"","format":"standard","meta":{"_bbp_topic_count":0,"_bbp_reply_count":0,"_bbp_total_topic_count":0,"_bbp_total_reply_count":0,"_bbp_voice_count":0,"_bbp_anonymous_reply_count":0,"_bbp_topic_count_hidden":0,"_bbp_reply_count_hidden":0,"_bbp_forum_subforum_count":0,"footnotes":""},"categories":[4],"tags":[],"class_list":["post-2053","post","type-post","status-publish","format-standard","hentry","category-portada"],"post_mailing_queue_ids":[],"_links":{"self":[{"href":"https:\/\/agora.xtec.cat\/ceipfmacia-orrius\/wp-json\/wp\/v2\/posts\/2053","targetHints":{"allow":["GET"]}}],"collection":[{"href":"https:\/\/agora.xtec.cat\/ceipfmacia-orrius\/wp-json\/wp\/v2\/posts"}],"about":[{"href":"https:\/\/agora.xtec.cat\/ceipfmacia-orrius\/wp-json\/wp\/v2\/types\/post"}],"author":[{"embeddable":true,"href":"https:\/\/agora.xtec.cat\/ceipfmacia-orrius\/wp-json\/wp\/v2\/users\/4"}],"replies":[{"embeddable":true,"href":"https:\/\/agora.xtec.cat\/ceipfmacia-orrius\/wp-json\/wp\/v2\/comments?post=2053"}],"version-history":[{"count":3,"href":"https:\/\/agora.xtec.cat\/ceipfmacia-orrius\/wp-json\/wp\/v2\/posts\/2053\/revisions"}],"predecessor-version":[{"id":2254,"href":"https:\/\/agora.xtec.cat\/ceipfmacia-orrius\/wp-json\/wp\/v2\/posts\/2053\/revisions\/2254"}],"wp:attachment":[{"href":"https:\/\/agora.xtec.cat\/ceipfmacia-orrius\/wp-json\/wp\/v2\/media?parent=2053"}],"wp:term":[{"taxonomy":"category","embeddable":true,"href":"https:\/\/agora.xtec.cat\/ceipfmacia-orrius\/wp-json\/wp\/v2\/categories?post=2053"},{"taxonomy":"post_tag","embeddable":true,"href":"https:\/\/agora.xtec.cat\/ceipfmacia-orrius\/wp-json\/wp\/v2\/tags?post=2053"}],"curies":[{"name":"wp","href":"https:\/\/api.w.org\/{rel}","templated":true}]}}