{"id":2032,"date":"2020-11-30T21:12:48","date_gmt":"2020-11-30T20:12:48","guid":{"rendered":"https:\/\/agora.xtec.cat\/ceipfmacia-orrius\/?p=2032"},"modified":"2021-04-18T12:13:16","modified_gmt":"2021-04-18T10:13:16","slug":"temps-de-castanyes","status":"publish","type":"post","link":"https:\/\/agora.xtec.cat\/ceipfmacia-orrius\/infantil\/temps-de-castanyes\/","title":{"rendered":"TEMPS DE CASTANYES!"},"content":{"rendered":"<p>Quan arriba la tardor ens agrada molt anar al bosc per veure quins canvis fa! Ens agrada observar, caminar i jugar entre les fulles i els arbres! Tamb\u00e9 anem a buscar la Castanyera que aquests dies \u00e9s al bosc collint les castanyes que ens menjarem el dia de la Castanyada!!<br \/>\nPer celebrar aquesta festa, els nens i nenes de sis\u00e8 de l\u2019escola ens han explicat uns contes que ens han encantat i despr\u00e9s hem menjat les castanyes ben torrades! Bon\u00edssimes!!<br \/>\nTamb\u00e9 hem volgut con\u00e8ixer de ben a prop l\u2019arbre que fa les castanyes: el castanyer!! \u00c9s un arbre molt alt i molt bonic. L\u2019hem dibuixat i li hem regalat uns poemes que segur li han agradat molt! I abans de marxar li hem fet tots una gran abra\u00e7ada!!Ha estat un dia fant\u00e0stic i ens ho hem passat molt b\u00e9! Aqu\u00ed teniu les fotos!! Cliqueu a sobre l&#8217;enlla\u00e7 per veure el v\u00eddeo!<\/p>\n<p><iframe loading=\"lazy\" width=\"640\" height=\"360\" frameborder=\"0\" title=\"2020-21 Temps de castanyes\" src=\"https:\/\/www.kizoa.com\/embed-349128545-9989470o2l1\" webkitallowfullscreen=\"true\" allowfullscreen=\"true\" mozallowfullscreen=\"true\" ><\/iframe><\/p>\n","protected":false},"excerpt":{"rendered":"<p>Quan arriba la tardor ens agrada molt anar al bosc per veure quins canvis fa! Ens agrada observar, caminar i jugar entre les fulles i els arbres! Tamb\u00e9 anem a buscar la Castanyera que aquests dies \u00e9s al bosc collint les castanyes que ens menjarem&hellip;  <a href=\"https:\/\/agora.xtec.cat\/ceipfmacia-orrius\/infantil\/temps-de-castanyes\/\" title=\"Read TEMPS DE CASTANYES!\">Llegeix m\u00e9s\u00bb<\/a><\/p>\n","protected":false},"author":17,"featured_media":0,"comment_status":"open","ping_status":"closed","sticky":false,"template":"","format":"standard","meta":{"_bbp_topic_count":0,"_bbp_reply_count":0,"_bbp_total_topic_count":0,"_bbp_total_reply_count":0,"_bbp_voice_count":0,"_bbp_anonymous_reply_count":0,"_bbp_topic_count_hidden":0,"_bbp_reply_count_hidden":0,"_bbp_forum_subforum_count":0,"footnotes":""},"categories":[2,3,8],"tags":[],"class_list":["post-2032","post","type-post","status-publish","format-standard","hentry","category-infantil","category-maons","category-aquatics-infantil"],"post_mailing_queue_ids":[],"_links":{"self":[{"href":"https:\/\/agora.xtec.cat\/ceipfmacia-orrius\/wp-json\/wp\/v2\/posts\/2032","targetHints":{"allow":["GET"]}}],"collection":[{"href":"https:\/\/agora.xtec.cat\/ceipfmacia-orrius\/wp-json\/wp\/v2\/posts"}],"about":[{"href":"https:\/\/agora.xtec.cat\/ceipfmacia-orrius\/wp-json\/wp\/v2\/types\/post"}],"author":[{"embeddable":true,"href":"https:\/\/agora.xtec.cat\/ceipfmacia-orrius\/wp-json\/wp\/v2\/users\/17"}],"replies":[{"embeddable":true,"href":"https:\/\/agora.xtec.cat\/ceipfmacia-orrius\/wp-json\/wp\/v2\/comments?post=2032"}],"version-history":[{"count":3,"href":"https:\/\/agora.xtec.cat\/ceipfmacia-orrius\/wp-json\/wp\/v2\/posts\/2032\/revisions"}],"predecessor-version":[{"id":2118,"href":"https:\/\/agora.xtec.cat\/ceipfmacia-orrius\/wp-json\/wp\/v2\/posts\/2032\/revisions\/2118"}],"wp:attachment":[{"href":"https:\/\/agora.xtec.cat\/ceipfmacia-orrius\/wp-json\/wp\/v2\/media?parent=2032"}],"wp:term":[{"taxonomy":"category","embeddable":true,"href":"https:\/\/agora.xtec.cat\/ceipfmacia-orrius\/wp-json\/wp\/v2\/categories?post=2032"},{"taxonomy":"post_tag","embeddable":true,"href":"https:\/\/agora.xtec.cat\/ceipfmacia-orrius\/wp-json\/wp\/v2\/tags?post=2032"}],"curies":[{"name":"wp","href":"https:\/\/api.w.org\/{rel}","templated":true}]}}