{"id":1999,"date":"2021-01-29T16:05:01","date_gmt":"2021-01-29T15:05:01","guid":{"rendered":"https:\/\/agora.xtec.cat\/ceipfmacia-orrius\/?p=1999"},"modified":"2021-01-29T16:15:45","modified_gmt":"2021-01-29T15:15:45","slug":"dia-escolar-de-la-no-violencia-i-la-pau","status":"publish","type":"post","link":"https:\/\/agora.xtec.cat\/ceipfmacia-orrius\/infantil\/maons\/dia-escolar-de-la-no-violencia-i-la-pau\/","title":{"rendered":"Dia Escolar de la No viol\u00e8ncia i la Pau"},"content":{"rendered":"<p>Dissabte 30 \u00e9s el <span class=\"hiddenSpellError\">DENIP<\/span>\u00a0(Dia escolar de la No-viol\u00e8ncia i la Pau), aquest \u00e9s un dia especial i, tot i la situaci\u00f3 que vivim, des de l&#8217;escola no hem volgut deixar de pensar en les coses que ens aporta<span class=\"hiddenGrammarError\">.A<\/span> les aules hem estat parlant sobre que podem fer per ajudar a construir la Pau des d&#8217;all\u00f2 m\u00e9s propers, per aix\u00f2 algunes aules han constru\u00eft uns n\u00favols que reguen la terra amb idees i accions per a un m\u00f3n menys violent.<\/p>\n<p><img loading=\"lazy\" decoding=\"async\" class=\"wp-image-2002 alignleft\" src=\"https:\/\/agora.xtec.cat\/ceipfmacia-orrius\/wp-content\/uploads\/usu2067\/2021\/01\/WhatsApp-Image-2021-01-29-at-12.20.11-1024x576.jpeg\" alt=\"\" width=\"486\" height=\"274\" srcset=\"https:\/\/agora.xtec.cat\/ceipfmacia-orrius\/wp-content\/uploads\/usu2067\/2021\/01\/WhatsApp-Image-2021-01-29-at-12.20.11-1024x576.jpeg 1024w, https:\/\/agora.xtec.cat\/ceipfmacia-orrius\/wp-content\/uploads\/usu2067\/2021\/01\/WhatsApp-Image-2021-01-29-at-12.20.11-300x169.jpeg 300w, https:\/\/agora.xtec.cat\/ceipfmacia-orrius\/wp-content\/uploads\/usu2067\/2021\/01\/WhatsApp-Image-2021-01-29-at-12.20.11-768x432.jpeg 768w, https:\/\/agora.xtec.cat\/ceipfmacia-orrius\/wp-content\/uploads\/usu2067\/2021\/01\/WhatsApp-Image-2021-01-29-at-12.20.11.jpeg 1599w\" sizes=\"auto, (max-width: 486px) 100vw, 486px\" \/><\/p>\n<p><img loading=\"lazy\" decoding=\"async\" class=\"wp-image-2003 alignleft\" src=\"https:\/\/agora.xtec.cat\/ceipfmacia-orrius\/wp-content\/uploads\/usu2067\/2021\/01\/WhatsApp-Image-2021-01-29-at-12.19.41-1024x768.jpeg\" alt=\"\" width=\"364\" height=\"273\" srcset=\"https:\/\/agora.xtec.cat\/ceipfmacia-orrius\/wp-content\/uploads\/usu2067\/2021\/01\/WhatsApp-Image-2021-01-29-at-12.19.41-1024x768.jpeg 1024w, https:\/\/agora.xtec.cat\/ceipfmacia-orrius\/wp-content\/uploads\/usu2067\/2021\/01\/WhatsApp-Image-2021-01-29-at-12.19.41-300x225.jpeg 300w, https:\/\/agora.xtec.cat\/ceipfmacia-orrius\/wp-content\/uploads\/usu2067\/2021\/01\/WhatsApp-Image-2021-01-29-at-12.19.41-768x576.jpeg 768w, https:\/\/agora.xtec.cat\/ceipfmacia-orrius\/wp-content\/uploads\/usu2067\/2021\/01\/WhatsApp-Image-2021-01-29-at-12.19.41-200x150.jpeg 200w, https:\/\/agora.xtec.cat\/ceipfmacia-orrius\/wp-content\/uploads\/usu2067\/2021\/01\/WhatsApp-Image-2021-01-29-at-12.19.41.jpeg 1600w\" sizes=\"auto, (max-width: 364px) 100vw, 364px\" \/><\/p>\n<p>&nbsp;<\/p>\n<p>&nbsp;<\/p>\n<p>&nbsp;<\/p>\n<p>&nbsp;<\/p>\n<p>&nbsp;<\/p>\n<p>&nbsp;<\/p>\n<p>&nbsp;<\/p>\n<p><img loading=\"lazy\" decoding=\"async\" class=\"wp-image-2001 alignleft\" src=\"https:\/\/agora.xtec.cat\/ceipfmacia-orrius\/wp-content\/uploads\/usu2067\/2021\/01\/WhatsApp-Image-2021-01-29-at-12.20.27-1024x576.jpeg\" alt=\"\" width=\"409\" height=\"230\" srcset=\"https:\/\/agora.xtec.cat\/ceipfmacia-orrius\/wp-content\/uploads\/usu2067\/2021\/01\/WhatsApp-Image-2021-01-29-at-12.20.27-1024x576.jpeg 1024w, https:\/\/agora.xtec.cat\/ceipfmacia-orrius\/wp-content\/uploads\/usu2067\/2021\/01\/WhatsApp-Image-2021-01-29-at-12.20.27-300x169.jpeg 300w, https:\/\/agora.xtec.cat\/ceipfmacia-orrius\/wp-content\/uploads\/usu2067\/2021\/01\/WhatsApp-Image-2021-01-29-at-12.20.27-768x432.jpeg 768w, https:\/\/agora.xtec.cat\/ceipfmacia-orrius\/wp-content\/uploads\/usu2067\/2021\/01\/WhatsApp-Image-2021-01-29-at-12.20.27.jpeg 1599w\" sizes=\"auto, (max-width: 409px) 100vw, 409px\" \/><\/p>\n<p><img loading=\"lazy\" decoding=\"async\" class=\"wp-image-2000 alignleft\" src=\"https:\/\/agora.xtec.cat\/ceipfmacia-orrius\/wp-content\/uploads\/usu2067\/2021\/01\/WhatsApp-Image-2021-01-29-at-14.05.07-1024x576.jpeg\" alt=\"\" width=\"403\" height=\"227\" srcset=\"https:\/\/agora.xtec.cat\/ceipfmacia-orrius\/wp-content\/uploads\/usu2067\/2021\/01\/WhatsApp-Image-2021-01-29-at-14.05.07-1024x576.jpeg 1024w, https:\/\/agora.xtec.cat\/ceipfmacia-orrius\/wp-content\/uploads\/usu2067\/2021\/01\/WhatsApp-Image-2021-01-29-at-14.05.07-300x169.jpeg 300w, https:\/\/agora.xtec.cat\/ceipfmacia-orrius\/wp-content\/uploads\/usu2067\/2021\/01\/WhatsApp-Image-2021-01-29-at-14.05.07-768x432.jpeg 768w, https:\/\/agora.xtec.cat\/ceipfmacia-orrius\/wp-content\/uploads\/usu2067\/2021\/01\/WhatsApp-Image-2021-01-29-at-14.05.07.jpeg 1599w\" sizes=\"auto, (max-width: 403px) 100vw, 403px\" \/><\/p>\n<p>&nbsp;<\/p>\n<p>&nbsp;<\/p>\n<p>&nbsp;<\/p>\n<p>&nbsp;<\/p>\n<p>&nbsp;<\/p>\n<p>&nbsp;<\/p>\n<p>Tamb\u00e9 ens hem volgut apropar a les idees d&#8217;algunes lluitadores per la Pau i defensores dels drets de les persones, i\u00a0aquest any hem volgut fer una mirada expressa a les dones que massa vegades queden invisibilitzades a la nostra societat. Per aix\u00f2 us volem apropar, en un petit v\u00eddeo, les idees de quatre d&#8217;aquestes dones.<\/p>\n<p><iframe loading=\"lazy\" src=\"https:\/\/www.youtube.com\/embed\/rb1i22Khdoc\" width=\"560\" height=\"315\" frameborder=\"0\"><\/iframe><\/p>\n<p>Feli\u00e7 <span class=\"hiddenSpellError\">DENIP<\/span>!<\/p>\n","protected":false},"excerpt":{"rendered":"<p>Dissabte 30 \u00e9s el DENIP\u00a0(Dia escolar de la No-viol\u00e8ncia i la Pau), aquest \u00e9s un dia especial i, tot i la situaci\u00f3 que vivim, des de l&#8217;escola no hem volgut deixar de pensar en les coses que ens aporta.A les aules hem estat parlant sobre&hellip;  <a href=\"https:\/\/agora.xtec.cat\/ceipfmacia-orrius\/infantil\/maons\/dia-escolar-de-la-no-violencia-i-la-pau\/\" title=\"Read Dia Escolar de la No viol\u00e8ncia i la Pau\">Llegeix m\u00e9s\u00bb<\/a><\/p>\n","protected":false},"author":4,"featured_media":2001,"comment_status":"open","ping_status":"closed","sticky":false,"template":"","format":"standard","meta":{"_bbp_topic_count":0,"_bbp_reply_count":0,"_bbp_total_topic_count":0,"_bbp_total_reply_count":0,"_bbp_voice_count":0,"_bbp_anonymous_reply_count":0,"_bbp_topic_count_hidden":0,"_bbp_reply_count_hidden":0,"_bbp_forum_subforum_count":0,"footnotes":""},"categories":[10,73,12,3,13,8,14,4],"tags":[],"class_list":["post-1999","post","type-post","status-publish","format-standard","has-post-thumbnail","hentry","category-anelles-olimpiques","category-art","category-llops","category-maons","category-mascotes-olimpiques","category-aquatics-infantil","category-porcs-senglars","category-portada"],"post_mailing_queue_ids":[],"_links":{"self":[{"href":"https:\/\/agora.xtec.cat\/ceipfmacia-orrius\/wp-json\/wp\/v2\/posts\/1999","targetHints":{"allow":["GET"]}}],"collection":[{"href":"https:\/\/agora.xtec.cat\/ceipfmacia-orrius\/wp-json\/wp\/v2\/posts"}],"about":[{"href":"https:\/\/agora.xtec.cat\/ceipfmacia-orrius\/wp-json\/wp\/v2\/types\/post"}],"author":[{"embeddable":true,"href":"https:\/\/agora.xtec.cat\/ceipfmacia-orrius\/wp-json\/wp\/v2\/users\/4"}],"replies":[{"embeddable":true,"href":"https:\/\/agora.xtec.cat\/ceipfmacia-orrius\/wp-json\/wp\/v2\/comments?post=1999"}],"version-history":[{"count":3,"href":"https:\/\/agora.xtec.cat\/ceipfmacia-orrius\/wp-json\/wp\/v2\/posts\/1999\/revisions"}],"predecessor-version":[{"id":2012,"href":"https:\/\/agora.xtec.cat\/ceipfmacia-orrius\/wp-json\/wp\/v2\/posts\/1999\/revisions\/2012"}],"wp:featuredmedia":[{"embeddable":true,"href":"https:\/\/agora.xtec.cat\/ceipfmacia-orrius\/wp-json\/wp\/v2\/media\/2001"}],"wp:attachment":[{"href":"https:\/\/agora.xtec.cat\/ceipfmacia-orrius\/wp-json\/wp\/v2\/media?parent=1999"}],"wp:term":[{"taxonomy":"category","embeddable":true,"href":"https:\/\/agora.xtec.cat\/ceipfmacia-orrius\/wp-json\/wp\/v2\/categories?post=1999"},{"taxonomy":"post_tag","embeddable":true,"href":"https:\/\/agora.xtec.cat\/ceipfmacia-orrius\/wp-json\/wp\/v2\/tags?post=1999"}],"curies":[{"name":"wp","href":"https:\/\/api.w.org\/{rel}","templated":true}]}}