{"id":1974,"date":"2020-11-11T15:25:51","date_gmt":"2020-11-11T14:25:51","guid":{"rendered":"https:\/\/agora.xtec.cat\/ceipfmacia-orrius\/?p=1974"},"modified":"2020-11-11T15:25:51","modified_gmt":"2020-11-11T14:25:51","slug":"cicle-mitja-explica-el-funcionament-del-curs","status":"publish","type":"post","link":"https:\/\/agora.xtec.cat\/ceipfmacia-orrius\/cm\/llops\/cicle-mitja-explica-el-funcionament-del-curs\/","title":{"rendered":"CICLE MITJ\u00c0 EXPLICA EL FUNCIONAMENT DEL CURS"},"content":{"rendered":"<p>Aquest any, les fam\u00edlies de cicle mitj\u00e0, van tenir una grata sorpresa en assistir a la reuni\u00f3 d\u2019aula, que va tenir lloc el dilluns 26 d\u2019octubre. Com \u00e9s habitual, totes elles esperaven que els i les mestres presents a la reuni\u00f3, aquesta vegada virtual, expliquessin el funcionament del curs i resolguessin dubtes, per\u00f2 no va ser pas aix\u00f2 el que es van trobar en iniciar la reuni\u00f3.<\/p>\n<p>L\u2019alumnat, els fills i filles d\u2019aquestes fam\u00edlies, van estar preparant un v\u00eddeo pels seus pares, al llarg de la setmana anterior a la reuni\u00f3, explicant, fil per randa i sense llegir d\u2019enlloc, el funcionament del curs 20-21: rutines, c\u00e0rrecs, les diferents \u00e0rees, funcionament de material i nous projectes d\u2019escola, \u00fas correcte del correu electr\u00f2nic, nom de les classes i projectes del curs, horari, &#8230;<\/p>\n<p>Estem molt contents i contentes com a mestres, ja que la iniciativa va sortir d\u2019ells, van treballar amb molta il\u00b7lusi\u00f3 i empenta i el resultat va ser genial, a m\u00e9s a m\u00e9s, no ens n\u2019amagarem, el qu\u00e8 vam haver d\u2019explicar les tutores, despr\u00e9s del v\u00eddeo, va ser molt poc, i com que els nens i les nenes, van explicar-ho tot tan clar, quasi no hi va haver preguntes. Nom\u00e9s ens queda que felicitar-los a tots i totes i agrair a les fam\u00edlies l\u2019assist\u00e8ncia virtual a la reuni\u00f3.<\/p>\n<p>Vinga, us adjuntem el v\u00eddeo que de ben segur tornareu a veure encantats, i tamb\u00e9 per aquelles fam\u00edlies que no el van poder veure i amb aquest escrit us han vingut moltes ganes de fer-ho.<\/p>\n<p><a href=\"https:\/\/youtu.be\/O6hZWfIrkmI\">V\u00cdDEO REUNI\u00d3 FAM\u00cdLIES CICLE MITJ\u00c0<\/a><\/p>\n<p>A gaudir!<\/p>\n<p>Tutores de cicle mitj\u00e0<\/p>\n","protected":false},"excerpt":{"rendered":"<p>Aquest any, les fam\u00edlies de cicle mitj\u00e0, van tenir una grata sorpresa en assistir a la reuni\u00f3 d\u2019aula, que va tenir lloc el dilluns 26 d\u2019octubre. Com \u00e9s habitual, totes elles esperaven que els i les mestres presents a la reuni\u00f3, aquesta vegada virtual, expliquessin&hellip;  <a href=\"https:\/\/agora.xtec.cat\/ceipfmacia-orrius\/cm\/llops\/cicle-mitja-explica-el-funcionament-del-curs\/\" title=\"Read CICLE MITJ\u00c0 EXPLICA EL FUNCIONAMENT DEL CURS\">Llegeix m\u00e9s\u00bb<\/a><\/p>\n","protected":false},"author":5,"featured_media":1976,"comment_status":"open","ping_status":"closed","sticky":false,"template":"","format":"standard","meta":{"_bbp_topic_count":0,"_bbp_reply_count":0,"_bbp_total_topic_count":0,"_bbp_total_reply_count":0,"_bbp_voice_count":0,"_bbp_anonymous_reply_count":0,"_bbp_topic_count_hidden":0,"_bbp_reply_count_hidden":0,"_bbp_forum_subforum_count":0,"footnotes":""},"categories":[60,12,13],"tags":[],"class_list":["post-1974","post","type-post","status-publish","format-standard","has-post-thumbnail","hentry","category-cm","category-llops","category-mascotes-olimpiques"],"post_mailing_queue_ids":[],"_links":{"self":[{"href":"https:\/\/agora.xtec.cat\/ceipfmacia-orrius\/wp-json\/wp\/v2\/posts\/1974","targetHints":{"allow":["GET"]}}],"collection":[{"href":"https:\/\/agora.xtec.cat\/ceipfmacia-orrius\/wp-json\/wp\/v2\/posts"}],"about":[{"href":"https:\/\/agora.xtec.cat\/ceipfmacia-orrius\/wp-json\/wp\/v2\/types\/post"}],"author":[{"embeddable":true,"href":"https:\/\/agora.xtec.cat\/ceipfmacia-orrius\/wp-json\/wp\/v2\/users\/5"}],"replies":[{"embeddable":true,"href":"https:\/\/agora.xtec.cat\/ceipfmacia-orrius\/wp-json\/wp\/v2\/comments?post=1974"}],"version-history":[{"count":1,"href":"https:\/\/agora.xtec.cat\/ceipfmacia-orrius\/wp-json\/wp\/v2\/posts\/1974\/revisions"}],"predecessor-version":[{"id":1975,"href":"https:\/\/agora.xtec.cat\/ceipfmacia-orrius\/wp-json\/wp\/v2\/posts\/1974\/revisions\/1975"}],"wp:featuredmedia":[{"embeddable":true,"href":"https:\/\/agora.xtec.cat\/ceipfmacia-orrius\/wp-json\/wp\/v2\/media\/1976"}],"wp:attachment":[{"href":"https:\/\/agora.xtec.cat\/ceipfmacia-orrius\/wp-json\/wp\/v2\/media?parent=1974"}],"wp:term":[{"taxonomy":"category","embeddable":true,"href":"https:\/\/agora.xtec.cat\/ceipfmacia-orrius\/wp-json\/wp\/v2\/categories?post=1974"},{"taxonomy":"post_tag","embeddable":true,"href":"https:\/\/agora.xtec.cat\/ceipfmacia-orrius\/wp-json\/wp\/v2\/tags?post=1974"}],"curies":[{"name":"wp","href":"https:\/\/api.w.org\/{rel}","templated":true}]}}