{"id":1895,"date":"2020-07-28T16:32:56","date_gmt":"2020-07-28T14:32:56","guid":{"rendered":"https:\/\/agora.xtec.cat\/ceipfmacia-orrius\/?p=1895"},"modified":"2020-07-28T16:32:46","modified_gmt":"2020-07-28T14:32:46","slug":"postals-del-confinament","status":"publish","type":"post","link":"https:\/\/agora.xtec.cat\/ceipfmacia-orrius\/infantil\/postals-del-confinament\/","title":{"rendered":"POSTALS DEL CONFINAMENT"},"content":{"rendered":"<p>Durant el confinament els nens i nenes d&#8217;Infantil varen treballar molt i, amb l&#8217;ajuda dels pares i mares, ens varen fer arribar moltes activitats que estaven fent. Aquest v\u00eddeo \u00e9s per vosaltres, per agrair-vos tota la feina feta i compartida amb l&#8217;escola!! Que passeu un bon estiu, descanseu i gaudiu molt de tot tant com sigui possible! Ens tornarem a trobar al setembre!<\/p>\n<p><object width=\"480\" height=\"360\"><param name=\"movie\" value=\"https:\/\/app.kizoa.pl\/i-Contact\/sflite.swf?did=333483993&amp;k=P1086450185&amp;hk=1&amp;loop=1\" \/><param name=\"wmode\" value=\"transparent\" \/><param name=\"allowFullScreen\" value=\"true\" \/><embed src=\"https:\/\/app.kizoa.pl\/i-Contact\/sflite.swf?did=333483993&amp;k=P1086450185&amp;hk=1&amp;loop=1\" type=\"application\/x-shockwave-flash\" wmode=\"transparent\" width=\"480\" height=\"360\" allowfullscreen=\"allowfullscreen\" \/><\/object><\/p>\n<p><a href=\"http:\/\/www.kizoa.es\/Editar-V\u00eddeos-Movie-Maker\/d333483993kP1086450185o2l1\/2019-20-confinament\" target=\"_blank\" rel=\"noopener noreferrer\">Format del v\u00eddeo per m\u00f2bils i tablets. Cliqueu aqu\u00ed<\/a><\/p>\n","protected":false},"excerpt":{"rendered":"<p>Durant el confinament els nens i nenes d&#8217;Infantil varen treballar molt i, amb l&#8217;ajuda dels pares i mares, ens varen fer arribar moltes activitats que estaven fent. Aquest v\u00eddeo \u00e9s per vosaltres, per agrair-vos tota la feina feta i compartida amb l&#8217;escola!! Que passeu un&hellip;  <a href=\"https:\/\/agora.xtec.cat\/ceipfmacia-orrius\/infantil\/postals-del-confinament\/\" title=\"Read POSTALS DEL CONFINAMENT\">Llegeix m\u00e9s\u00bb<\/a><\/p>\n","protected":false},"author":17,"featured_media":0,"comment_status":"open","ping_status":"closed","sticky":false,"template":"","format":"standard","meta":{"_bbp_topic_count":0,"_bbp_reply_count":0,"_bbp_total_topic_count":0,"_bbp_total_reply_count":0,"_bbp_voice_count":0,"_bbp_anonymous_reply_count":0,"_bbp_topic_count_hidden":0,"_bbp_reply_count_hidden":0,"_bbp_forum_subforum_count":0,"footnotes":""},"categories":[2,3,8],"tags":[],"class_list":["post-1895","post","type-post","status-publish","format-standard","hentry","category-infantil","category-maons","category-aquatics-infantil"],"post_mailing_queue_ids":[],"_links":{"self":[{"href":"https:\/\/agora.xtec.cat\/ceipfmacia-orrius\/wp-json\/wp\/v2\/posts\/1895","targetHints":{"allow":["GET"]}}],"collection":[{"href":"https:\/\/agora.xtec.cat\/ceipfmacia-orrius\/wp-json\/wp\/v2\/posts"}],"about":[{"href":"https:\/\/agora.xtec.cat\/ceipfmacia-orrius\/wp-json\/wp\/v2\/types\/post"}],"author":[{"embeddable":true,"href":"https:\/\/agora.xtec.cat\/ceipfmacia-orrius\/wp-json\/wp\/v2\/users\/17"}],"replies":[{"embeddable":true,"href":"https:\/\/agora.xtec.cat\/ceipfmacia-orrius\/wp-json\/wp\/v2\/comments?post=1895"}],"version-history":[{"count":3,"href":"https:\/\/agora.xtec.cat\/ceipfmacia-orrius\/wp-json\/wp\/v2\/posts\/1895\/revisions"}],"predecessor-version":[{"id":1905,"href":"https:\/\/agora.xtec.cat\/ceipfmacia-orrius\/wp-json\/wp\/v2\/posts\/1895\/revisions\/1905"}],"wp:attachment":[{"href":"https:\/\/agora.xtec.cat\/ceipfmacia-orrius\/wp-json\/wp\/v2\/media?parent=1895"}],"wp:term":[{"taxonomy":"category","embeddable":true,"href":"https:\/\/agora.xtec.cat\/ceipfmacia-orrius\/wp-json\/wp\/v2\/categories?post=1895"},{"taxonomy":"post_tag","embeddable":true,"href":"https:\/\/agora.xtec.cat\/ceipfmacia-orrius\/wp-json\/wp\/v2\/tags?post=1895"}],"curies":[{"name":"wp","href":"https:\/\/api.w.org\/{rel}","templated":true}]}}