{"id":1891,"date":"2020-07-23T09:00:52","date_gmt":"2020-07-23T07:00:52","guid":{"rendered":"https:\/\/agora.xtec.cat\/ceipfmacia-orrius\/?p=1891"},"modified":"2022-02-17T18:34:04","modified_gmt":"2022-02-17T17:34:04","slug":"pla-dorganitzacio-provisional-20-21","status":"publish","type":"post","link":"https:\/\/agora.xtec.cat\/ceipfmacia-orrius\/general\/pla-dorganitzacio-provisional-20-21\/","title":{"rendered":"Pla d&#8217;organitzaci\u00f3 20-21"},"content":{"rendered":"<p>Tenint en compte les instruccions del departament d&#8217;educaci\u00f3 del Departament de Salut l&#8217;Escola Francesc Maci\u00e0 d&#8217;\u00d2rrius ha preparat l&#8217;inici del curs 20-21 seguint les directrius del pla d&#8217;organitzaci\u00f3 adjunt.<\/p>\n<p>Aquest document actualitza el document provisional aprovat a principis de setembre que recollia:<\/p>\n<ul>\n<li>L&#8217;organitzaci\u00f3 tenint en compte poder incidir amb rapidesa en possibles casos i que aquest afecti el m\u00ednim de persones possibles, preveure possibles per\u00edodes parcials de confinament i respectar, en la mesura del possible, el projecte i autonomia de centre.<\/li>\n<li>Distribuci\u00f3 de l&#8217;alumnat en\u00a0 sis grups de conviv\u00e8ncia; dos d&#8217;infantil, un d&#8217;inicial, dos de mitj\u00e0 i un de superior. De forma fixa aquest grup tindr\u00e0 2 mestres, i nom\u00e9s hi incidiran de forma externa alguns especialistes (principalment <span class=\"hiddenSpellError\">EE<\/span>\u00a0i Angl\u00e8s) i professionals externs.<\/li>\n<li>Els principis d&#8217;h\u00e0bits i seguretat que ens aconsella el departament de Salut, distanciament, higiene de mans, \u00fas de mascareta, neteja i airejament dels espais i utilitzaci\u00f3 d&#8217;espais a poder ser, nom\u00e9s pels grups de conviv\u00e8ncia.<\/li>\n<li>El format de les entrades i sortides i els serveis propis de l&#8217;escola (menjador, acollides, extraescolars&#8230;)<\/li>\n<\/ul>\n<p>El document definitiu modifica alguns aspectes de:<\/p>\n<ul>\n<li>Documentaci\u00f3 de refer\u00e8ncia del pla<\/li>\n<li>Modificacions en les entrades i sortides<\/li>\n<li>Quadre de responsabilitats del pla<\/li>\n<li>Planificaci\u00f3 de patis<\/li>\n<li>Activitats extraescolars<\/li>\n<li>Modificacions en el protocol de detecci\u00f3 de casos<\/li>\n<li>Modificacions en el funcionament del menjador<\/li>\n<li>Vinculaci\u00f3 amb actuacions de la PGAC 20-21<\/li>\n<\/ul>\n<p><a href=\"https:\/\/agora.xtec.cat\/ceipfmacia-orrius\/wp-content\/uploads\/usu2067\/2020\/07\/Pla-dorganitzaci\u00f3-20-21-sig.pdf\">Pla d&#8217;organitzaci\u00f3 20-21<\/a><\/p>\n<p>A 13 de gener s&#8217;han aprovat modificacions al pla que s&#8217;aplicaran durant el segon trimestre.<\/p>\n<p><a href=\"https:\/\/agora.xtec.cat\/ceipfmacia-orrius\/wp-content\/uploads\/usu2067\/2020\/07\/Addenda-pla-organitzaci\u00f3-20-21.pdf\">Modificaci\u00f3 pla organitzaci\u00f3 20-21<\/a><\/p>\n<p>&nbsp;<\/p>\n","protected":false},"excerpt":{"rendered":"<p>Tenint en compte les instruccions del departament d&#8217;educaci\u00f3 del Departament de Salut l&#8217;Escola Francesc Maci\u00e0 d&#8217;\u00d2rrius ha preparat l&#8217;inici del curs 20-21 seguint les directrius del pla d&#8217;organitzaci\u00f3 adjunt.<br \/>\nAquest document actualitza el document provisional aprovat a principis de setembre que recollia:<\/p>\n<ul>\n<li>L&#8217;organitzaci\u00f3 tenint en compte poder&hellip;  <a href=\"https:\/\/agora.xtec.cat\/ceipfmacia-orrius\/general\/pla-dorganitzacio-provisional-20-21\/\" title=\"Read Pla d&#8217;organitzaci\u00f3 20-21\">Llegeix m\u00e9s\u00bb<\/a><br \/>\n","protected":false},"author":1,"featured_media":0,"comment_status":"open","ping_status":"closed","sticky":false,"template":"","format":"standard","meta":{"_bbp_topic_count":0,"_bbp_reply_count":0,"_bbp_total_topic_count":0,"_bbp_total_reply_count":0,"_bbp_voice_count":0,"_bbp_anonymous_reply_count":0,"_bbp_topic_count_hidden":0,"_bbp_reply_count_hidden":0,"_bbp_forum_subforum_count":0,"footnotes":""},"categories":[1,4],"tags":[],"class_list":["post-1891","post","type-post","status-publish","format-standard","hentry","category-general","category-portada"],"post_mailing_queue_ids":[],"_links":{"self":[{"href":"https:\/\/agora.xtec.cat\/ceipfmacia-orrius\/wp-json\/wp\/v2\/posts\/1891","targetHints":{"allow":["GET"]}}],"collection":[{"href":"https:\/\/agora.xtec.cat\/ceipfmacia-orrius\/wp-json\/wp\/v2\/posts"}],"about":[{"href":"https:\/\/agora.xtec.cat\/ceipfmacia-orrius\/wp-json\/wp\/v2\/types\/post"}],"author":[{"embeddable":true,"href":"https:\/\/agora.xtec.cat\/ceipfmacia-orrius\/wp-json\/wp\/v2\/users\/1"}],"replies":[{"embeddable":true,"href":"https:\/\/agora.xtec.cat\/ceipfmacia-orrius\/wp-json\/wp\/v2\/comments?post=1891"}],"version-history":[{"count":5,"href":"https:\/\/agora.xtec.cat\/ceipfmacia-orrius\/wp-json\/wp\/v2\/posts\/1891\/revisions"}],"predecessor-version":[{"id":1998,"href":"https:\/\/agora.xtec.cat\/ceipfmacia-orrius\/wp-json\/wp\/v2\/posts\/1891\/revisions\/1998"}],"wp:attachment":[{"href":"https:\/\/agora.xtec.cat\/ceipfmacia-orrius\/wp-json\/wp\/v2\/media?parent=1891"}],"wp:term":[{"taxonomy":"category","embeddable":true,"href":"https:\/\/agora.xtec.cat\/ceipfmacia-orrius\/wp-json\/wp\/v2\/categories?post=1891"},{"taxonomy":"post_tag","embeddable":true,"href":"https:\/\/agora.xtec.cat\/ceipfmacia-orrius\/wp-json\/wp\/v2\/tags?post=1891"}],"curies":[{"name":"wp","href":"https:\/\/api.w.org\/{rel}","templated":true}]}}