{"id":1884,"date":"2020-07-02T17:15:47","date_gmt":"2020-07-02T15:15:47","guid":{"rendered":"https:\/\/agora.xtec.cat\/ceipfmacia-orrius\/?p=1884"},"modified":"2020-07-02T17:20:25","modified_gmt":"2020-07-02T15:20:25","slug":"convocatoria-de-beques-de-menjador","status":"publish","type":"post","link":"https:\/\/agora.xtec.cat\/ceipfmacia-orrius\/portada\/convocatoria-de-beques-de-menjador\/","title":{"rendered":"Convocat\u00f2ria de Beques de menjador"},"content":{"rendered":"<p>S&#8217;ha obert convocat\u00f2ria per a demanar la beca de menjador pel curs 20-21.<br \/>\n<strong>Cal solicitata-la al municipi de resid\u00e8ncia.<\/strong><br \/>\nEn el cas de les fam\u00edlies residents a \u00d2rrius:<\/p>\n<p>Fam\u00edlies que ja van solicitar-la l&#8217;any passat rebran informaci\u00f3 per SMS de com tramitar-la.<br \/>\nNoves sol\u00b7licitutds, a poder ser s&#8217;ha de fer de forma telem\u00e0tica, en cas de necessitar fer-ho presencial cal demanar cita pr\u00e8via <strong>a partir del 8 de juliol de 2020 per tel\u00e8fon al 93 7971455.<\/strong><\/p>\n<p>Podreu trobar la documentaci\u00f3 i tota la informaci\u00f3 a la web de l&#8217;Ajuntament.<\/p>\n<p>Per les fam\u00edlies residents a altres municipis cal que us adreceu al Ajuntament, els terminis i documentaci\u00f3 seran molt similars.<\/p>\n<p><a href=\"http:\/\/www.orrius.cat\/actualitat\/beques-menjador-curs-20-21\/\">http:\/\/www.orrius.cat\/actualitat\/beques-menjador-curs-20-21\/<\/a><\/p>\n<p>En el cas dels residents a Argentona trobareu tota la informaci\u00f3 a la seva web<\/p>\n<p><a href=\"https:\/\/seuelectronica.argentona.cat\/catala\/VisorITs\/24891A1DA10F4DF6B76E636E84F11358.asp#\">Ajuts menjador web Ajuntament d&#8217;Argentona<\/a>(apartat ajuts i bonificacions)<\/p>\n","protected":false},"excerpt":{"rendered":"<p>S&#8217;ha obert convocat\u00f2ria per a demanar la beca de menjador pel curs 20-21.<br \/>\nCal solicitata-la al municipi de resid\u00e8ncia.<br \/>\nEn el cas de les fam\u00edlies residents a \u00d2rrius:<br \/>\nFam\u00edlies que ja van solicitar-la l&#8217;any passat rebran informaci\u00f3 per SMS de com tramitar-la.<br \/>\nNoves sol\u00b7licitutds, a poder ser s&#8217;ha de&hellip;  <a href=\"https:\/\/agora.xtec.cat\/ceipfmacia-orrius\/portada\/convocatoria-de-beques-de-menjador\/\" title=\"Read Convocat\u00f2ria de Beques de menjador\">Llegeix m\u00e9s\u00bb<\/a><\/p>\n","protected":false},"author":1,"featured_media":0,"comment_status":"open","ping_status":"closed","sticky":false,"template":"","format":"standard","meta":{"_bbp_topic_count":0,"_bbp_reply_count":0,"_bbp_total_topic_count":0,"_bbp_total_reply_count":0,"_bbp_voice_count":0,"_bbp_anonymous_reply_count":0,"_bbp_topic_count_hidden":0,"_bbp_reply_count_hidden":0,"_bbp_forum_subforum_count":0,"footnotes":""},"categories":[4],"tags":[],"class_list":["post-1884","post","type-post","status-publish","format-standard","hentry","category-portada"],"post_mailing_queue_ids":[],"_links":{"self":[{"href":"https:\/\/agora.xtec.cat\/ceipfmacia-orrius\/wp-json\/wp\/v2\/posts\/1884","targetHints":{"allow":["GET"]}}],"collection":[{"href":"https:\/\/agora.xtec.cat\/ceipfmacia-orrius\/wp-json\/wp\/v2\/posts"}],"about":[{"href":"https:\/\/agora.xtec.cat\/ceipfmacia-orrius\/wp-json\/wp\/v2\/types\/post"}],"author":[{"embeddable":true,"href":"https:\/\/agora.xtec.cat\/ceipfmacia-orrius\/wp-json\/wp\/v2\/users\/1"}],"replies":[{"embeddable":true,"href":"https:\/\/agora.xtec.cat\/ceipfmacia-orrius\/wp-json\/wp\/v2\/comments?post=1884"}],"version-history":[{"count":2,"href":"https:\/\/agora.xtec.cat\/ceipfmacia-orrius\/wp-json\/wp\/v2\/posts\/1884\/revisions"}],"predecessor-version":[{"id":1886,"href":"https:\/\/agora.xtec.cat\/ceipfmacia-orrius\/wp-json\/wp\/v2\/posts\/1884\/revisions\/1886"}],"wp:attachment":[{"href":"https:\/\/agora.xtec.cat\/ceipfmacia-orrius\/wp-json\/wp\/v2\/media?parent=1884"}],"wp:term":[{"taxonomy":"category","embeddable":true,"href":"https:\/\/agora.xtec.cat\/ceipfmacia-orrius\/wp-json\/wp\/v2\/categories?post=1884"},{"taxonomy":"post_tag","embeddable":true,"href":"https:\/\/agora.xtec.cat\/ceipfmacia-orrius\/wp-json\/wp\/v2\/tags?post=1884"}],"curies":[{"name":"wp","href":"https:\/\/api.w.org\/{rel}","templated":true}]}}