{"id":1848,"date":"2020-06-23T10:52:59","date_gmt":"2020-06-23T08:52:59","guid":{"rendered":"https:\/\/agora.xtec.cat\/ceipfmacia-orrius\/?p=1848"},"modified":"2020-06-23T10:53:59","modified_gmt":"2020-06-23T08:53:59","slug":"ultim-dia-dels-de-6e-a-lescola","status":"publish","type":"post","link":"https:\/\/agora.xtec.cat\/ceipfmacia-orrius\/general\/ultim-dia-dels-de-6e-a-lescola\/","title":{"rendered":"\u00daLTIM DIA DELS DE 6\u00c8 A L&#8217;ESCOLA"},"content":{"rendered":"<p>I semblava que aquest dia no arribaria mai, per\u00f2 entre confinament i trobades virtuals, ja el tenim aqu\u00ed: <strong>l&#8217;\u00faltim dia dels m\u00e9s grans a l&#8217;escola!<\/strong><\/p>\n<p>Els barrufets rondinaires van poder gaudir per una estona, de la companyia dels seus companys de 5\u00e8, els quals els hi havien preparat una sorpresa per ells.<\/p>\n<p>Tampoc podia faltar el pica-pica tradicional, encara que aquesta vegada amb les dist\u00e0ncies de seguretat i higiene incloses&#8230;<\/p>\n<p>I per \u00faltim, el regal de l&#8217;escola: el llibre d&#8217;Invisible que tant els hi ha agradat en la lectura en veu alta que s&#8217;ha pogut anar fent al llarg del curs fins que vam haver de confinar-nos.<\/p>\n<p>Molta sort a tots i a totes!! Una nova etapa comen\u00e7a per vosaltres! A gaudir-la!<\/p>\n\n<p>&nbsp;<\/p>\n","protected":false},"excerpt":{"rendered":"<p>I semblava que aquest dia no arribaria mai, per\u00f2 entre confinament i trobades virtuals, ja el tenim aqu\u00ed: l&#8217;\u00faltim dia dels m\u00e9s grans a l&#8217;escola!<br \/>\nEls barrufets rondinaires van poder gaudir per una estona, de la companyia dels seus companys de 5\u00e8, els quals els hi&hellip;  <a href=\"https:\/\/agora.xtec.cat\/ceipfmacia-orrius\/general\/ultim-dia-dels-de-6e-a-lescola\/\" title=\"Read \u00daLTIM DIA DELS DE 6\u00c8 A L&#8217;ESCOLA\">Llegeix m\u00e9s\u00bb<\/a><\/p>\n","protected":false},"author":6,"featured_media":0,"comment_status":"open","ping_status":"closed","sticky":false,"template":"","format":"standard","meta":{"_bbp_topic_count":0,"_bbp_reply_count":0,"_bbp_total_topic_count":0,"_bbp_total_reply_count":0,"_bbp_voice_count":0,"_bbp_anonymous_reply_count":0,"_bbp_topic_count_hidden":0,"_bbp_reply_count_hidden":0,"_bbp_forum_subforum_count":0,"footnotes":""},"categories":[61,1,14,4],"tags":[],"class_list":["post-1848","post","type-post","status-publish","format-standard","hentry","category-cs","category-general","category-porcs-senglars","category-portada"],"post_mailing_queue_ids":[],"_links":{"self":[{"href":"https:\/\/agora.xtec.cat\/ceipfmacia-orrius\/wp-json\/wp\/v2\/posts\/1848","targetHints":{"allow":["GET"]}}],"collection":[{"href":"https:\/\/agora.xtec.cat\/ceipfmacia-orrius\/wp-json\/wp\/v2\/posts"}],"about":[{"href":"https:\/\/agora.xtec.cat\/ceipfmacia-orrius\/wp-json\/wp\/v2\/types\/post"}],"author":[{"embeddable":true,"href":"https:\/\/agora.xtec.cat\/ceipfmacia-orrius\/wp-json\/wp\/v2\/users\/6"}],"replies":[{"embeddable":true,"href":"https:\/\/agora.xtec.cat\/ceipfmacia-orrius\/wp-json\/wp\/v2\/comments?post=1848"}],"version-history":[{"count":2,"href":"https:\/\/agora.xtec.cat\/ceipfmacia-orrius\/wp-json\/wp\/v2\/posts\/1848\/revisions"}],"predecessor-version":[{"id":1856,"href":"https:\/\/agora.xtec.cat\/ceipfmacia-orrius\/wp-json\/wp\/v2\/posts\/1848\/revisions\/1856"}],"wp:attachment":[{"href":"https:\/\/agora.xtec.cat\/ceipfmacia-orrius\/wp-json\/wp\/v2\/media?parent=1848"}],"wp:term":[{"taxonomy":"category","embeddable":true,"href":"https:\/\/agora.xtec.cat\/ceipfmacia-orrius\/wp-json\/wp\/v2\/categories?post=1848"},{"taxonomy":"post_tag","embeddable":true,"href":"https:\/\/agora.xtec.cat\/ceipfmacia-orrius\/wp-json\/wp\/v2\/tags?post=1848"}],"curies":[{"name":"wp","href":"https:\/\/api.w.org\/{rel}","templated":true}]}}