{"id":1841,"date":"2020-06-22T14:15:44","date_gmt":"2020-06-22T12:15:44","guid":{"rendered":"https:\/\/agora.xtec.cat\/ceipfmacia-orrius\/?p=1841"},"modified":"2020-06-22T14:15:44","modified_gmt":"2020-06-22T12:15:44","slug":"trobada-a-lescola-amb-les-mafaldes-i-els-minions","status":"publish","type":"post","link":"https:\/\/agora.xtec.cat\/ceipfmacia-orrius\/general\/trobada-a-lescola-amb-les-mafaldes-i-els-minions\/","title":{"rendered":"TROBADA A L\u2019ESCOLA AMB LES MAFALDES I ELS MINIONS"},"content":{"rendered":"<p style=\"text-align: justify;\">El passat dijous (18\/06\/2020) despr\u00e9s de quasi 100 dies sense poder compartir tots plegats moments a l\u2019escola, els nens i nenes de la classe dels Minions i de la Mafalda <strong>ens vam retrobar!!!<\/strong><\/p>\n<p style=\"text-align: justify;\">A les 11:30 ens v\u00e8iem les cares i tots i totes estaven expectant pel que far\u00edem. Vam entrar a la sala polivalent del centre, i de cop i volta, els vam comentar que estaven tancat en el centre i que no podrien pas sortir, si no trobaven la contrasenya per sortir.?\u2049\u2049<\/p>\n<p style=\"text-align: justify;\">Vam fer 4 equips de 3 o 4 membres per equip, i tenim en compte totes les mesures de protecci\u00f3, vam comen\u00e7ar la seva pr\u00f2pia aventura, un <strong>Escape room d\u2019acomiadament de CM<\/strong>.<\/p>\n<p style=\"text-align: justify;\">Tenien una hora per resoldre i buscar, entre tots i totes, 6 proves diferents. Proves com preguntes, trencaclosques, encreuats, buscar difer\u00e8ncies, etc.<\/p>\n<p style=\"text-align: justify;\">Va estar molt divertit i van col\u00b7laborar entre tots i totes per arribar a l\u2019objectiu final. <strong>I ho van aconseguir!!!<\/strong> Fins i tot, els van sobrar 8 minuts!!<\/p>\n<p style=\"text-align: center;\">Sou uns i unes <strong>cracks<\/strong>!!!! <strong>Enhorabona Mafaldes i Minions<\/strong>!!!<\/p>\n<p><a href=\"https:\/\/photos.app.goo.gl\/7nPgk3TSDjVCqsbd6\"><img loading=\"lazy\" decoding=\"async\" class=\"attachment-266x266 aligncenter\" src=\"https:\/\/agora.xtec.cat\/ceipfmacia-orrius\/wp-content\/uploads\/usu2067\/2020\/06\/IMG-20200622-WA0008.jpg\" sizes=\"auto, (max-width: 266px) 100vw, 266px\" srcset=\"https:\/\/agora.xtec.cat\/ceipfmacia-orrius\/wp-content\/uploads\/usu2067\/2020\/06\/IMG-20200622-WA0008.jpg 1600w, https:\/\/agora.xtec.cat\/ceipfmacia-orrius\/wp-content\/uploads\/usu2067\/2020\/06\/IMG-20200622-WA0008-300x225.jpg 300w, https:\/\/agora.xtec.cat\/ceipfmacia-orrius\/wp-content\/uploads\/usu2067\/2020\/06\/IMG-20200622-WA0008-768x576.jpg 768w, https:\/\/agora.xtec.cat\/ceipfmacia-orrius\/wp-content\/uploads\/usu2067\/2020\/06\/IMG-20200622-WA0008-1024x768.jpg 1024w, https:\/\/agora.xtec.cat\/ceipfmacia-orrius\/wp-content\/uploads\/usu2067\/2020\/06\/IMG-20200622-WA0008-200x150.jpg 200w\" alt=\"\" width=\"336\" height=\"253\" \/><\/a><\/p>\n<p style=\"text-align: center;\">Clica la imatge per veure&#8217;n m\u00e9s<\/p>\n<p>&nbsp;<\/p>\n<p>&nbsp;<\/p>\n<p>&nbsp;<\/p>\n","protected":false},"excerpt":{"rendered":"<p>El passat dijous (18\/06\/2020) despr\u00e9s de quasi 100 dies sense poder compartir tots plegats moments a l\u2019escola, els nens i nenes de la classe dels Minions i de la Mafalda ens vam retrobar!!!<br \/>\nA les 11:30 ens v\u00e8iem les cares i tots i totes estaven expectant&hellip;  <a href=\"https:\/\/agora.xtec.cat\/ceipfmacia-orrius\/general\/trobada-a-lescola-amb-les-mafaldes-i-els-minions\/\" title=\"Read TROBADA A L\u2019ESCOLA AMB LES MAFALDES I ELS MINIONS\">Llegeix m\u00e9s\u00bb<\/a><\/p>\n","protected":false},"author":1,"featured_media":1843,"comment_status":"open","ping_status":"closed","sticky":false,"template":"","format":"standard","meta":{"_bbp_topic_count":0,"_bbp_reply_count":0,"_bbp_total_topic_count":0,"_bbp_total_reply_count":0,"_bbp_voice_count":0,"_bbp_anonymous_reply_count":0,"_bbp_topic_count_hidden":0,"_bbp_reply_count_hidden":0,"_bbp_forum_subforum_count":0,"footnotes":""},"categories":[60,1,12,13,4],"tags":[128,129,130,123,100],"class_list":["post-1841","post","type-post","status-publish","format-standard","has-post-thumbnail","hentry","category-cm","category-general","category-llops","category-mascotes-olimpiques","category-portada","tag-cicle-mitja","tag-cm","tag-escape-room","tag-mafaldes","tag-minions"],"post_mailing_queue_ids":[],"_links":{"self":[{"href":"https:\/\/agora.xtec.cat\/ceipfmacia-orrius\/wp-json\/wp\/v2\/posts\/1841","targetHints":{"allow":["GET"]}}],"collection":[{"href":"https:\/\/agora.xtec.cat\/ceipfmacia-orrius\/wp-json\/wp\/v2\/posts"}],"about":[{"href":"https:\/\/agora.xtec.cat\/ceipfmacia-orrius\/wp-json\/wp\/v2\/types\/post"}],"author":[{"embeddable":true,"href":"https:\/\/agora.xtec.cat\/ceipfmacia-orrius\/wp-json\/wp\/v2\/users\/1"}],"replies":[{"embeddable":true,"href":"https:\/\/agora.xtec.cat\/ceipfmacia-orrius\/wp-json\/wp\/v2\/comments?post=1841"}],"version-history":[{"count":3,"href":"https:\/\/agora.xtec.cat\/ceipfmacia-orrius\/wp-json\/wp\/v2\/posts\/1841\/revisions"}],"predecessor-version":[{"id":1847,"href":"https:\/\/agora.xtec.cat\/ceipfmacia-orrius\/wp-json\/wp\/v2\/posts\/1841\/revisions\/1847"}],"wp:featuredmedia":[{"embeddable":true,"href":"https:\/\/agora.xtec.cat\/ceipfmacia-orrius\/wp-json\/wp\/v2\/media\/1843"}],"wp:attachment":[{"href":"https:\/\/agora.xtec.cat\/ceipfmacia-orrius\/wp-json\/wp\/v2\/media?parent=1841"}],"wp:term":[{"taxonomy":"category","embeddable":true,"href":"https:\/\/agora.xtec.cat\/ceipfmacia-orrius\/wp-json\/wp\/v2\/categories?post=1841"},{"taxonomy":"post_tag","embeddable":true,"href":"https:\/\/agora.xtec.cat\/ceipfmacia-orrius\/wp-json\/wp\/v2\/tags?post=1841"}],"curies":[{"name":"wp","href":"https:\/\/api.w.org\/{rel}","templated":true}]}}