{"id":1809,"date":"2020-06-16T20:05:21","date_gmt":"2020-06-16T18:05:21","guid":{"rendered":"https:\/\/agora.xtec.cat\/ceipfmacia-orrius\/?p=1809"},"modified":"2020-06-17T16:46:42","modified_gmt":"2020-06-17T14:46:42","slug":"trobada-a-lescola-amb-els-fantasmes","status":"publish","type":"post","link":"https:\/\/agora.xtec.cat\/ceipfmacia-orrius\/portada\/trobada-a-lescola-amb-els-fantasmes\/","title":{"rendered":"TROBADA A L&#8217;ESCOLA AMB ELS FANTASMES"},"content":{"rendered":"<p>Avui, despr\u00e9s de 96 dies sense poder compartir plegats moments a l&#8217;escola, els nens i nenes de la classe dels Fantasmes, <strong>ens hem retrobat!<\/strong><\/p>\n<p>A les 11.30 ens v\u00e8iem les cares i els esper\u00e0vem a la classe amb una activitat preparada. A cada taula, amb les dist\u00e0ncies prudencials, hi havia 3 fulls. Cada full tenia escrit el nom d&#8217;un d&#8217;ells i elles. Els an\u00e0vem cridant i buscaven el seu full. Quan tothom ha estat col\u00b7locat, hem dit canvi, i seguint un circuit molt estricte, assenyalat amb fletxes a les taules i a terra, canvi\u00e0vem de full, on escriv\u00edem una virtut, al company o companya a qui pertanyia. Com que cada fantasma s&#8217;ha trobat un retolador pr\u00e8viament netejat, i tota l&#8217;estona ha escrit amb el mateix, els fulls han quedat plens d&#8217;adjectius ben agradables i colorits. S&#8217;han pogut endur aquest record, una vegada hem plastificat els fulls al finalitzar l&#8217;activitat.<\/p>\n<p>Per acabar la sessi\u00f3, hem compartit un conte que es diu &#8220;L&#8217;amor de l&#8217;Splat&#8221;, sobre el qual hem reflexionat de la import\u00e0ncia de ser un mateix i que \u00e9s important cuidar com ens dirigim als altres. Tamb\u00e9 ens ha servit per adornar-nos i dir-nos que ha estat un curs estrany per\u00f2 on ens ho hem passat molt b\u00e9 plegats i que ens estimem tots i totes, MOLT!<\/p>\n<p>Gr\u00e0cies per aquesta bona estona d&#8217;avui, FANTASMES! <strong>Us trob\u00e0vem molt a faltar i&#8230; US ESTIMEM!<\/strong><\/p>\n<p><a href=\"https:\/\/agora.xtec.cat\/ceipfmacia-orrius\/wp-content\/uploads\/usu2067\/2020\/06\/Polish_20200616_175516254.jpg\"><img loading=\"lazy\" decoding=\"async\" class=\"aligncenter wp-image-1811 \" src=\"https:\/\/agora.xtec.cat\/ceipfmacia-orrius\/wp-content\/uploads\/usu2067\/2020\/06\/Polish_20200616_175516254-1024x1024.jpg\" alt=\"\" width=\"491\" height=\"491\" srcset=\"https:\/\/agora.xtec.cat\/ceipfmacia-orrius\/wp-content\/uploads\/usu2067\/2020\/06\/Polish_20200616_175516254-1024x1024.jpg 1024w, https:\/\/agora.xtec.cat\/ceipfmacia-orrius\/wp-content\/uploads\/usu2067\/2020\/06\/Polish_20200616_175516254-150x150.jpg 150w, https:\/\/agora.xtec.cat\/ceipfmacia-orrius\/wp-content\/uploads\/usu2067\/2020\/06\/Polish_20200616_175516254-300x300.jpg 300w, https:\/\/agora.xtec.cat\/ceipfmacia-orrius\/wp-content\/uploads\/usu2067\/2020\/06\/Polish_20200616_175516254-768x768.jpg 768w, https:\/\/agora.xtec.cat\/ceipfmacia-orrius\/wp-content\/uploads\/usu2067\/2020\/06\/Polish_20200616_175516254.jpg 1414w\" sizes=\"auto, (max-width: 491px) 100vw, 491px\" \/><\/a><\/p>\n<p>&nbsp;<\/p>\n<p><a href=\"https:\/\/agora.xtec.cat\/ceipfmacia-orrius\/wp-content\/uploads\/usu2067\/2020\/06\/Polish_20200616_175843351.jpg\"><img loading=\"lazy\" decoding=\"async\" class=\" wp-image-1812 aligncenter\" src=\"https:\/\/agora.xtec.cat\/ceipfmacia-orrius\/wp-content\/uploads\/usu2067\/2020\/06\/Polish_20200616_175843351-1024x1024.jpg\" alt=\"\" width=\"491\" height=\"491\" srcset=\"https:\/\/agora.xtec.cat\/ceipfmacia-orrius\/wp-content\/uploads\/usu2067\/2020\/06\/Polish_20200616_175843351-1024x1024.jpg 1024w, https:\/\/agora.xtec.cat\/ceipfmacia-orrius\/wp-content\/uploads\/usu2067\/2020\/06\/Polish_20200616_175843351-150x150.jpg 150w, https:\/\/agora.xtec.cat\/ceipfmacia-orrius\/wp-content\/uploads\/usu2067\/2020\/06\/Polish_20200616_175843351-300x300.jpg 300w, https:\/\/agora.xtec.cat\/ceipfmacia-orrius\/wp-content\/uploads\/usu2067\/2020\/06\/Polish_20200616_175843351-768x768.jpg 768w, https:\/\/agora.xtec.cat\/ceipfmacia-orrius\/wp-content\/uploads\/usu2067\/2020\/06\/Polish_20200616_175843351.jpg 1414w\" sizes=\"auto, (max-width: 491px) 100vw, 491px\" \/><\/a><\/p>\n<p>&nbsp;<\/p>\n<p><a href=\"https:\/\/agora.xtec.cat\/ceipfmacia-orrius\/wp-content\/uploads\/usu2067\/2020\/06\/Polish_20200616_180038326.jpg\"><img loading=\"lazy\" decoding=\"async\" class=\" wp-image-1813 aligncenter\" src=\"https:\/\/agora.xtec.cat\/ceipfmacia-orrius\/wp-content\/uploads\/usu2067\/2020\/06\/Polish_20200616_180038326-1024x1024.jpg\" alt=\"\" width=\"490\" height=\"490\" srcset=\"https:\/\/agora.xtec.cat\/ceipfmacia-orrius\/wp-content\/uploads\/usu2067\/2020\/06\/Polish_20200616_180038326-1024x1024.jpg 1024w, https:\/\/agora.xtec.cat\/ceipfmacia-orrius\/wp-content\/uploads\/usu2067\/2020\/06\/Polish_20200616_180038326-150x150.jpg 150w, https:\/\/agora.xtec.cat\/ceipfmacia-orrius\/wp-content\/uploads\/usu2067\/2020\/06\/Polish_20200616_180038326-300x300.jpg 300w, https:\/\/agora.xtec.cat\/ceipfmacia-orrius\/wp-content\/uploads\/usu2067\/2020\/06\/Polish_20200616_180038326-768x768.jpg 768w, https:\/\/agora.xtec.cat\/ceipfmacia-orrius\/wp-content\/uploads\/usu2067\/2020\/06\/Polish_20200616_180038326.jpg 1414w\" sizes=\"auto, (max-width: 490px) 100vw, 490px\" \/><\/a><\/p>\n<p>&nbsp;<\/p>\n<p><a href=\"https:\/\/agora.xtec.cat\/ceipfmacia-orrius\/wp-content\/uploads\/usu2067\/2020\/06\/Polish_20200616_180608400.jpg\"><img loading=\"lazy\" decoding=\"async\" class=\" wp-image-1814 aligncenter\" src=\"https:\/\/agora.xtec.cat\/ceipfmacia-orrius\/wp-content\/uploads\/usu2067\/2020\/06\/Polish_20200616_180608400-1024x1024.jpg\" alt=\"\" width=\"494\" height=\"494\" srcset=\"https:\/\/agora.xtec.cat\/ceipfmacia-orrius\/wp-content\/uploads\/usu2067\/2020\/06\/Polish_20200616_180608400-1024x1024.jpg 1024w, https:\/\/agora.xtec.cat\/ceipfmacia-orrius\/wp-content\/uploads\/usu2067\/2020\/06\/Polish_20200616_180608400-150x150.jpg 150w, https:\/\/agora.xtec.cat\/ceipfmacia-orrius\/wp-content\/uploads\/usu2067\/2020\/06\/Polish_20200616_180608400-300x300.jpg 300w, https:\/\/agora.xtec.cat\/ceipfmacia-orrius\/wp-content\/uploads\/usu2067\/2020\/06\/Polish_20200616_180608400-768x768.jpg 768w, https:\/\/agora.xtec.cat\/ceipfmacia-orrius\/wp-content\/uploads\/usu2067\/2020\/06\/Polish_20200616_180608400.jpg 1414w\" sizes=\"auto, (max-width: 494px) 100vw, 494px\" \/><\/a><\/p>\n","protected":false},"excerpt":{"rendered":"<p>Avui, despr\u00e9s de 96 dies sense poder compartir plegats moments a l&#8217;escola, els nens i nenes de la classe dels Fantasmes, ens hem retrobat!<br \/>\nA les 11.30 ens v\u00e8iem les cares i els esper\u00e0vem a la classe amb una activitat preparada. A cada taula, amb les&hellip;  <a href=\"https:\/\/agora.xtec.cat\/ceipfmacia-orrius\/portada\/trobada-a-lescola-amb-els-fantasmes\/\" title=\"Read TROBADA A L&#8217;ESCOLA AMB ELS FANTASMES\">Llegeix m\u00e9s\u00bb<\/a><\/p>\n","protected":false},"author":5,"featured_media":1814,"comment_status":"open","ping_status":"closed","sticky":false,"template":"","format":"standard","meta":{"_bbp_topic_count":0,"_bbp_reply_count":0,"_bbp_total_topic_count":0,"_bbp_total_reply_count":0,"_bbp_voice_count":0,"_bbp_anonymous_reply_count":0,"_bbp_topic_count_hidden":0,"_bbp_reply_count_hidden":0,"_bbp_forum_subforum_count":0,"footnotes":""},"categories":[10,5,4],"tags":[],"class_list":["post-1809","post","type-post","status-publish","format-standard","has-post-thumbnail","hentry","category-anelles-olimpiques","category-ci","category-portada"],"post_mailing_queue_ids":[],"_links":{"self":[{"href":"https:\/\/agora.xtec.cat\/ceipfmacia-orrius\/wp-json\/wp\/v2\/posts\/1809","targetHints":{"allow":["GET"]}}],"collection":[{"href":"https:\/\/agora.xtec.cat\/ceipfmacia-orrius\/wp-json\/wp\/v2\/posts"}],"about":[{"href":"https:\/\/agora.xtec.cat\/ceipfmacia-orrius\/wp-json\/wp\/v2\/types\/post"}],"author":[{"embeddable":true,"href":"https:\/\/agora.xtec.cat\/ceipfmacia-orrius\/wp-json\/wp\/v2\/users\/5"}],"replies":[{"embeddable":true,"href":"https:\/\/agora.xtec.cat\/ceipfmacia-orrius\/wp-json\/wp\/v2\/comments?post=1809"}],"version-history":[{"count":3,"href":"https:\/\/agora.xtec.cat\/ceipfmacia-orrius\/wp-json\/wp\/v2\/posts\/1809\/revisions"}],"predecessor-version":[{"id":1821,"href":"https:\/\/agora.xtec.cat\/ceipfmacia-orrius\/wp-json\/wp\/v2\/posts\/1809\/revisions\/1821"}],"wp:featuredmedia":[{"embeddable":true,"href":"https:\/\/agora.xtec.cat\/ceipfmacia-orrius\/wp-json\/wp\/v2\/media\/1814"}],"wp:attachment":[{"href":"https:\/\/agora.xtec.cat\/ceipfmacia-orrius\/wp-json\/wp\/v2\/media?parent=1809"}],"wp:term":[{"taxonomy":"category","embeddable":true,"href":"https:\/\/agora.xtec.cat\/ceipfmacia-orrius\/wp-json\/wp\/v2\/categories?post=1809"},{"taxonomy":"post_tag","embeddable":true,"href":"https:\/\/agora.xtec.cat\/ceipfmacia-orrius\/wp-json\/wp\/v2\/tags?post=1809"}],"curies":[{"name":"wp","href":"https:\/\/api.w.org\/{rel}","templated":true}]}}