{"id":1802,"date":"2020-06-15T15:05:15","date_gmt":"2020-06-15T13:05:15","guid":{"rendered":"https:\/\/agora.xtec.cat\/ceipfmacia-orrius\/?p=1802"},"modified":"2020-06-15T15:05:15","modified_gmt":"2020-06-15T13:05:15","slug":"concurs-fotografia-matematica","status":"publish","type":"post","link":"https:\/\/agora.xtec.cat\/ceipfmacia-orrius\/general\/concurs-fotografia-matematica\/","title":{"rendered":"CONCURS FOTOGRAFIA MATEM\u00c0TICA"},"content":{"rendered":"<p style=\"text-align: justify;\">Hola Minions i Mafaldes,<\/p>\n<p style=\"text-align: justify;\">Us recordeu que vam participar en un concurs de fotografia matem\u00e0tica? I que vau aprendre a indentificar figures i cossos geom\u00e8trics?<\/p>\n<p style=\"text-align: justify;\">Doncs b\u00e9, el passat 7 de juny va sortir la resoluci\u00f3 de totes les fotografies que els organitzadors vam recollir de diferents centres educatius.<\/p>\n<p style=\"text-align: justify;\">Com sabeu, en un concurs, a vegades es guanya i a vegades no, per\u00f2 el m\u00e9s important \u00e9s el participar i gaudir de l&#8217;activitat. Tots i totes vau fer un treball fant\u00e0stic i alguns\/nes de vosaltres heu sigut seleccionats i heu aconseguit estar classificats segons la vostra categoria.<\/p>\n<p style=\"text-align: justify;\">Aquests que heu estat guanyadors\/res heu sigut:<\/p>\n<p style=\"text-align: justify;\"><strong>3r Prim\u00e0ria<\/strong>:<\/p>\n<p style=\"text-align: justify;\">\u00a0 \u00a0 \u00a0 \u00a0 \u00a0 <span style=\"text-decoration: underline;\">1r premi<\/span>: Dhara Batalla per Marc de cercles.<\/p>\n<p style=\"text-align: justify;\">\u00a0 \u00a0 \u00a0 \u00a0 \u00a0 <span style=\"text-decoration: underline;\">Finalista<\/span>: Jaume Pujalte per Proteccions paral\u00b7leles.<\/p>\n<p style=\"text-align: justify;\"><strong>4t Prim\u00e0ria<\/strong>:<\/p>\n<p style=\"text-align: justify;\">\u00a0 \u00a0 \u00a0 \u00a0 \u00a0 <span style=\"text-decoration: underline;\">Finalista<\/span>: \u00c1lvaro Luce\u00f1o per Paral\u00b7leles trepitjades.<\/p>\n<p style=\"text-align: center;\"><strong>MOLTES FELICITATS A TOTS I TOTES QUE HEU PARTICIPATS!!!\u00a0\u00a0<\/strong><\/p>\n<p style=\"text-align: justify;\">Us deixem aqu\u00ed l&#8217;enlla\u00e7 per veure el treball que heu fet i els diferents guanyadors i guanyadores del concurs.<\/p>\n<table style=\"width: 690px;\">\n<tbody>\n<tr>\n<td style=\"width: 351px;\"><img loading=\"lazy\" decoding=\"async\" class=\"attachment-266x266 size-266x266 aligncenter\" src=\"https:\/\/agora.xtec.cat\/ceipfmacia-orrius\/wp-content\/uploads\/usu2067\/2020\/06\/fotos_01.png\" sizes=\"auto, (max-width: 266px) 100vw, 266px\" srcset=\"https:\/\/agora.xtec.cat\/ceipfmacia-orrius\/wp-content\/uploads\/usu2067\/2020\/06\/fotos_01.png 283w, https:\/\/agora.xtec.cat\/ceipfmacia-orrius\/wp-content\/uploads\/usu2067\/2020\/06\/fotos_01-200x150.png 200w\" alt=\"\" width=\"266\" height=\"201\" \/><\/td>\n<td style=\"width: 331px;\"><img loading=\"lazy\" decoding=\"async\" class=\"attachment-266x266 size-266x266 aligncenter\" src=\"https:\/\/agora.xtec.cat\/ceipfmacia-orrius\/wp-content\/uploads\/usu2067\/2020\/06\/fotos_02.png\" sizes=\"auto, (max-width: 266px) 100vw, 266px\" srcset=\"https:\/\/agora.xtec.cat\/ceipfmacia-orrius\/wp-content\/uploads\/usu2067\/2020\/06\/fotos_02.png 283w, https:\/\/agora.xtec.cat\/ceipfmacia-orrius\/wp-content\/uploads\/usu2067\/2020\/06\/fotos_02-200x150.png 200w\" alt=\"\" width=\"266\" height=\"201\" \/><\/td>\n<\/tr>\n<tr>\n<td style=\"width: 351px; text-align: center;\"><a href=\"http:\/\/areamataro.blogspot.com\/2020\/06\/concurs-fotografia-matematica.html?m=1\">Fotografies participants<\/a><\/td>\n<td style=\"width: 331px; text-align: center;\"><a href=\"http:\/\/areamataro.blogspot.com\/2020\/06\/concurs-fotografia-matematica.html?m=1\">Fotografies guanyadores<\/a><\/td>\n<\/tr>\n<\/tbody>\n<\/table>\n","protected":false},"excerpt":{"rendered":"<p>Hola Minions i Mafaldes,<br \/>\nUs recordeu que vam participar en un concurs de fotografia matem\u00e0tica? I que vau aprendre a indentificar figures i cossos geom\u00e8trics?<br \/>\nDoncs b\u00e9, el passat 7 de juny va sortir la resoluci\u00f3 de totes les fotografies que els organitzadors vam recollir de diferents&hellip;  <a href=\"https:\/\/agora.xtec.cat\/ceipfmacia-orrius\/general\/concurs-fotografia-matematica\/\" title=\"Read CONCURS FOTOGRAFIA MATEM\u00c0TICA\">Llegeix m\u00e9s\u00bb<\/a><\/p>\n","protected":false},"author":1,"featured_media":1804,"comment_status":"open","ping_status":"closed","sticky":false,"template":"","format":"standard","meta":{"_bbp_topic_count":0,"_bbp_reply_count":0,"_bbp_total_topic_count":0,"_bbp_total_reply_count":0,"_bbp_voice_count":0,"_bbp_anonymous_reply_count":0,"_bbp_topic_count_hidden":0,"_bbp_reply_count_hidden":0,"_bbp_forum_subforum_count":0,"footnotes":""},"categories":[60,1,12,13,4],"tags":[127,128,126,107],"class_list":["post-1802","post","type-post","status-publish","format-standard","has-post-thumbnail","hentry","category-cm","category-general","category-llops","category-mascotes-olimpiques","category-portada","tag-area","tag-cicle-mitja","tag-concurs-fotografia-matematica","tag-matematiques"],"post_mailing_queue_ids":[],"_links":{"self":[{"href":"https:\/\/agora.xtec.cat\/ceipfmacia-orrius\/wp-json\/wp\/v2\/posts\/1802","targetHints":{"allow":["GET"]}}],"collection":[{"href":"https:\/\/agora.xtec.cat\/ceipfmacia-orrius\/wp-json\/wp\/v2\/posts"}],"about":[{"href":"https:\/\/agora.xtec.cat\/ceipfmacia-orrius\/wp-json\/wp\/v2\/types\/post"}],"author":[{"embeddable":true,"href":"https:\/\/agora.xtec.cat\/ceipfmacia-orrius\/wp-json\/wp\/v2\/users\/1"}],"replies":[{"embeddable":true,"href":"https:\/\/agora.xtec.cat\/ceipfmacia-orrius\/wp-json\/wp\/v2\/comments?post=1802"}],"version-history":[{"count":3,"href":"https:\/\/agora.xtec.cat\/ceipfmacia-orrius\/wp-json\/wp\/v2\/posts\/1802\/revisions"}],"predecessor-version":[{"id":1808,"href":"https:\/\/agora.xtec.cat\/ceipfmacia-orrius\/wp-json\/wp\/v2\/posts\/1802\/revisions\/1808"}],"wp:featuredmedia":[{"embeddable":true,"href":"https:\/\/agora.xtec.cat\/ceipfmacia-orrius\/wp-json\/wp\/v2\/media\/1804"}],"wp:attachment":[{"href":"https:\/\/agora.xtec.cat\/ceipfmacia-orrius\/wp-json\/wp\/v2\/media?parent=1802"}],"wp:term":[{"taxonomy":"category","embeddable":true,"href":"https:\/\/agora.xtec.cat\/ceipfmacia-orrius\/wp-json\/wp\/v2\/categories?post=1802"},{"taxonomy":"post_tag","embeddable":true,"href":"https:\/\/agora.xtec.cat\/ceipfmacia-orrius\/wp-json\/wp\/v2\/tags?post=1802"}],"curies":[{"name":"wp","href":"https:\/\/api.w.org\/{rel}","templated":true}]}}