{"id":1797,"date":"2020-06-08T11:45:20","date_gmt":"2020-06-08T09:45:20","guid":{"rendered":"https:\/\/agora.xtec.cat\/ceipfmacia-orrius\/?p=1797"},"modified":"2020-06-08T11:45:20","modified_gmt":"2020-06-08T09:45:20","slug":"noms-fotografics-fantasmes","status":"publish","type":"post","link":"https:\/\/agora.xtec.cat\/ceipfmacia-orrius\/portada\/noms-fotografics-fantasmes\/","title":{"rendered":"NOMS FOTOGR\u00c0FICS FANTASMES!"},"content":{"rendered":"<p>Hola a tothom!<\/p>\n<p>La setmana passada v\u00e0rem demanar als fantasmes una feina nom\u00e9s apte pels m\u00e9s observadors! Una tasca no gens f\u00e0cil pels ulls poc entrenats! Potser ja heu dedu\u00eft de qu\u00e8 es tracte pel t\u00edtol de l&#8217;article, per\u00f2 pels que encara no sapigueu qu\u00e8 vam demanar-los, es tractava de buscar el seu nom, lletra per lletra, en elements que no ho s\u00f3n. Per exemple, trobar una &#8220;L&#8221; en un tronc que t\u00e9 aquesta forma. Un cop trobessin l&#8217;element que s&#8217;assemblava a cada lletra del seu nom, li havien de fer una foto per, posteriorment, unir-les i que s&#8217;hi lleg\u00eds el seu nom correctament. M\u00e9s tard, havien d&#8217;omplir la seg\u00fcent graella:<\/p>\n<p><a href=\"https:\/\/agora.xtec.cat\/ceipfmacia-orrius\/wp-content\/uploads\/usu2067\/2020\/06\/Taula-lletres.jpg\"><img loading=\"lazy\" decoding=\"async\" class=\"size-full wp-image-1798 aligncenter\" src=\"https:\/\/agora.xtec.cat\/ceipfmacia-orrius\/wp-content\/uploads\/usu2067\/2020\/06\/Taula-lletres.jpg\" alt=\"\" width=\"625\" height=\"167\" srcset=\"https:\/\/agora.xtec.cat\/ceipfmacia-orrius\/wp-content\/uploads\/usu2067\/2020\/06\/Taula-lletres.jpg 625w, https:\/\/agora.xtec.cat\/ceipfmacia-orrius\/wp-content\/uploads\/usu2067\/2020\/06\/Taula-lletres-300x80.jpg 300w\" sizes=\"auto, (max-width: 625px) 100vw, 625px\" \/><\/a><\/p>\n<p>A la part de dalt havien de posar les lletres que formen el seu nom, i escollir 3 paraules que comencessin amb aquella lletra en catal\u00e0, castell\u00e0 i angl\u00e8s. Els fantasmes van fer un treball magn\u00edfic! A continuaci\u00f3 us volem compartir el resultat dels que varen participar. A veure qui aconsegueix distingir-los tots! Els tutors tamb\u00e9 hi hem participat!<\/p>\n<p><a href=\"https:\/\/agora.xtec.cat\/ceipfmacia-orrius\/wp-content\/uploads\/usu2067\/2020\/06\/NOMS-FOTOGR\u00c0FICS-FANTASMES.jpg\"><img loading=\"lazy\" decoding=\"async\" class=\"size-large wp-image-1799 aligncenter\" src=\"https:\/\/agora.xtec.cat\/ceipfmacia-orrius\/wp-content\/uploads\/usu2067\/2020\/06\/NOMS-FOTOGR\u00c0FICS-FANTASMES-1024x579.jpg\" alt=\"\" width=\"1024\" height=\"579\" srcset=\"https:\/\/agora.xtec.cat\/ceipfmacia-orrius\/wp-content\/uploads\/usu2067\/2020\/06\/NOMS-FOTOGR\u00c0FICS-FANTASMES-1024x579.jpg 1024w, https:\/\/agora.xtec.cat\/ceipfmacia-orrius\/wp-content\/uploads\/usu2067\/2020\/06\/NOMS-FOTOGR\u00c0FICS-FANTASMES-300x170.jpg 300w, https:\/\/agora.xtec.cat\/ceipfmacia-orrius\/wp-content\/uploads\/usu2067\/2020\/06\/NOMS-FOTOGR\u00c0FICS-FANTASMES-768x435.jpg 768w, https:\/\/agora.xtec.cat\/ceipfmacia-orrius\/wp-content\/uploads\/usu2067\/2020\/06\/NOMS-FOTOGR\u00c0FICS-FANTASMES.jpg 1449w\" sizes=\"auto, (max-width: 1024px) 100vw, 1024px\" \/><\/a><\/p>\n<p>Una abra\u00e7ada!<\/p>\n<p>Albert i Esther<\/p>\n","protected":false},"excerpt":{"rendered":"<p>Hola a tothom!<br \/>\nLa setmana passada v\u00e0rem demanar als fantasmes una feina nom\u00e9s apte pels m\u00e9s observadors! Una tasca no gens f\u00e0cil pels ulls poc entrenats! Potser ja heu dedu\u00eft de qu\u00e8 es tracte pel t\u00edtol de l&#8217;article, per\u00f2 pels que encara no sapigueu qu\u00e8 vam&hellip;  <a href=\"https:\/\/agora.xtec.cat\/ceipfmacia-orrius\/portada\/noms-fotografics-fantasmes\/\" title=\"Read NOMS FOTOGR\u00c0FICS FANTASMES!\">Llegeix m\u00e9s\u00bb<\/a><\/p>\n","protected":false},"author":1,"featured_media":1799,"comment_status":"open","ping_status":"closed","sticky":false,"template":"","format":"standard","meta":{"_bbp_topic_count":0,"_bbp_reply_count":0,"_bbp_total_topic_count":0,"_bbp_total_reply_count":0,"_bbp_voice_count":0,"_bbp_anonymous_reply_count":0,"_bbp_topic_count_hidden":0,"_bbp_reply_count_hidden":0,"_bbp_forum_subforum_count":0,"footnotes":""},"categories":[10,5,4],"tags":[],"class_list":["post-1797","post","type-post","status-publish","format-standard","has-post-thumbnail","hentry","category-anelles-olimpiques","category-ci","category-portada"],"post_mailing_queue_ids":[],"_links":{"self":[{"href":"https:\/\/agora.xtec.cat\/ceipfmacia-orrius\/wp-json\/wp\/v2\/posts\/1797","targetHints":{"allow":["GET"]}}],"collection":[{"href":"https:\/\/agora.xtec.cat\/ceipfmacia-orrius\/wp-json\/wp\/v2\/posts"}],"about":[{"href":"https:\/\/agora.xtec.cat\/ceipfmacia-orrius\/wp-json\/wp\/v2\/types\/post"}],"author":[{"embeddable":true,"href":"https:\/\/agora.xtec.cat\/ceipfmacia-orrius\/wp-json\/wp\/v2\/users\/1"}],"replies":[{"embeddable":true,"href":"https:\/\/agora.xtec.cat\/ceipfmacia-orrius\/wp-json\/wp\/v2\/comments?post=1797"}],"version-history":[{"count":2,"href":"https:\/\/agora.xtec.cat\/ceipfmacia-orrius\/wp-json\/wp\/v2\/posts\/1797\/revisions"}],"predecessor-version":[{"id":1801,"href":"https:\/\/agora.xtec.cat\/ceipfmacia-orrius\/wp-json\/wp\/v2\/posts\/1797\/revisions\/1801"}],"wp:featuredmedia":[{"embeddable":true,"href":"https:\/\/agora.xtec.cat\/ceipfmacia-orrius\/wp-json\/wp\/v2\/media\/1799"}],"wp:attachment":[{"href":"https:\/\/agora.xtec.cat\/ceipfmacia-orrius\/wp-json\/wp\/v2\/media?parent=1797"}],"wp:term":[{"taxonomy":"category","embeddable":true,"href":"https:\/\/agora.xtec.cat\/ceipfmacia-orrius\/wp-json\/wp\/v2\/categories?post=1797"},{"taxonomy":"post_tag","embeddable":true,"href":"https:\/\/agora.xtec.cat\/ceipfmacia-orrius\/wp-json\/wp\/v2\/tags?post=1797"}],"curies":[{"name":"wp","href":"https:\/\/api.w.org\/{rel}","templated":true}]}}