{"id":1792,"date":"2020-06-02T22:00:13","date_gmt":"2020-06-02T20:00:13","guid":{"rendered":"https:\/\/agora.xtec.cat\/ceipfmacia-orrius\/?p=1792"},"modified":"2020-06-02T22:00:13","modified_gmt":"2020-06-02T20:00:13","slug":"pla-de-reobertures-curs-19-20","status":"publish","type":"post","link":"https:\/\/agora.xtec.cat\/ceipfmacia-orrius\/portada\/pla-de-reobertures-curs-19-20\/","title":{"rendered":"Pla de reobertures curs 19-20"},"content":{"rendered":"<p class=\"MsoNormal\"><span style=\"font-family: inherit; font-size: 1em;\">L\u2019Escola Francesc Maci\u00e0 d\u2019\u00d2rrius estableix el <\/span><b style=\"font-family: inherit; font-size: 1em;\">pla de reobertura que concreta a la realitat pr\u00f2pia del centre i del municipi<\/b><span style=\"font-family: inherit; font-size: 1em;\"> aquelles indicacions que els documents abans indicats determinen.<\/span><\/p>\n<p class=\"MsoNormal\"><span lang=\"CA\">Aquesta planificaci\u00f3 no ser\u00e0 r\u00edgida per\u00f2 s\u2019estableix com una base per afrontar la situaci\u00f3 i unificar criteris organitzatius, de funcionament i sobretot pedag\u00f2gics.<\/span><\/p>\n<p><a href=\"https:\/\/agora.xtec.cat\/ceipfmacia-orrius\/wp-content\/uploads\/usu2067\/2020\/06\/Pla-de-reobertura-de-centre-19-20-EO.pdf\">Pla de reobertura de centre 19-20 EO<\/a><\/p>\n<p>&nbsp;<\/p>\n<p>&nbsp;<\/p>\n","protected":false},"excerpt":{"rendered":"<p>L\u2019Escola Francesc Maci\u00e0 d\u2019\u00d2rrius estableix el pla de reobertura que concreta a la realitat pr\u00f2pia del centre i del municipi aquelles indicacions que els documents abans indicats determinen.<br \/>\nAquesta planificaci\u00f3 no ser\u00e0 r\u00edgida per\u00f2 s\u2019estableix com una base per afrontar la situaci\u00f3 i unificar criteris organitzatius,&hellip;  <a href=\"https:\/\/agora.xtec.cat\/ceipfmacia-orrius\/portada\/pla-de-reobertures-curs-19-20\/\" title=\"Read Pla de reobertures curs 19-20\">Llegeix m\u00e9s\u00bb<\/a><\/p>\n","protected":false},"author":1,"featured_media":0,"comment_status":"open","ping_status":"closed","sticky":false,"template":"","format":"standard","meta":{"_bbp_topic_count":0,"_bbp_reply_count":0,"_bbp_total_topic_count":0,"_bbp_total_reply_count":0,"_bbp_voice_count":0,"_bbp_anonymous_reply_count":0,"_bbp_topic_count_hidden":0,"_bbp_reply_count_hidden":0,"_bbp_forum_subforum_count":0,"footnotes":""},"categories":[4],"tags":[],"class_list":["post-1792","post","type-post","status-publish","format-standard","hentry","category-portada"],"post_mailing_queue_ids":[],"_links":{"self":[{"href":"https:\/\/agora.xtec.cat\/ceipfmacia-orrius\/wp-json\/wp\/v2\/posts\/1792","targetHints":{"allow":["GET"]}}],"collection":[{"href":"https:\/\/agora.xtec.cat\/ceipfmacia-orrius\/wp-json\/wp\/v2\/posts"}],"about":[{"href":"https:\/\/agora.xtec.cat\/ceipfmacia-orrius\/wp-json\/wp\/v2\/types\/post"}],"author":[{"embeddable":true,"href":"https:\/\/agora.xtec.cat\/ceipfmacia-orrius\/wp-json\/wp\/v2\/users\/1"}],"replies":[{"embeddable":true,"href":"https:\/\/agora.xtec.cat\/ceipfmacia-orrius\/wp-json\/wp\/v2\/comments?post=1792"}],"version-history":[{"count":1,"href":"https:\/\/agora.xtec.cat\/ceipfmacia-orrius\/wp-json\/wp\/v2\/posts\/1792\/revisions"}],"predecessor-version":[{"id":1793,"href":"https:\/\/agora.xtec.cat\/ceipfmacia-orrius\/wp-json\/wp\/v2\/posts\/1792\/revisions\/1793"}],"wp:attachment":[{"href":"https:\/\/agora.xtec.cat\/ceipfmacia-orrius\/wp-json\/wp\/v2\/media?parent=1792"}],"wp:term":[{"taxonomy":"category","embeddable":true,"href":"https:\/\/agora.xtec.cat\/ceipfmacia-orrius\/wp-json\/wp\/v2\/categories?post=1792"},{"taxonomy":"post_tag","embeddable":true,"href":"https:\/\/agora.xtec.cat\/ceipfmacia-orrius\/wp-json\/wp\/v2\/tags?post=1792"}],"curies":[{"name":"wp","href":"https:\/\/api.w.org\/{rel}","templated":true}]}}