{"id":1591,"date":"2020-04-29T09:00:26","date_gmt":"2020-04-29T07:00:26","guid":{"rendered":"https:\/\/agora.xtec.cat\/ceipfmacia-orrius\/?p=1591"},"modified":"2020-04-29T10:04:26","modified_gmt":"2020-04-29T08:04:26","slug":"fem-dansa","status":"publish","type":"post","link":"https:\/\/agora.xtec.cat\/ceipfmacia-orrius\/portada\/fem-dansa\/","title":{"rendered":"FEM DANSA!"},"content":{"rendered":"<p>Avui \u00e9s el dia internacional de la Dansa, a l&#8217;escola compartim les paraules d&#8217;en Joan Serra (1947 &#8211; 2013)\u00a0<span class=\"hiddenGrammarError\">&#8220;<\/span>Ballem a la panxa de la mare, als bra\u00e7os del pare, caminant amb un amic, a la festa del poble. I ballant expliquem els nostres pensaments i sobretot les nostres emocions. I ho fem a partir del nostre cor, del nostre cervell, del nostre est\u00f3mac, de la nostra mirada i de la nostra\u00a0terra &#8221;<\/p>\n<p>Per\u00a0aix\u00f2 utilitzem la dansa com una forma m\u00e9s d&#8217;expressar-nos i relacionar-nos. Aquests\u00a0dies, els nens i nenes de les Mafaldes i\u00a0<span class=\"hiddenSpellError\">Minions<\/span>\u00a0estar\u00edem\u00a0acabant de treballar les\u00a0danses\u00a0del\u00a0<span class=\"hiddenGrammarError\">Fem<\/span> Dansa que compartir\u00edem, conjuntament amb les escoles d&#8217;Argentona, en breus dies amb vosaltres a la pla\u00e7a Major del poble ve\u00ed.<\/p>\n<p>Abans del confinament ja tenim molt avan\u00e7at el ball de nans de Matar\u00f3 i la coreografia de banana <span class=\"hiddenSpellError\">Boat<\/span>&#8230; i segur que aquesta setmana ja\u00a0tindr\u00edem\u00a0enllestit la resta de propostes per a compartir amb vosaltres.<\/p>\n<p>Els que ens heu acompanyat algun any sabeu que solem acabar amb una proposta compartida amb els pares i mares que ens acompanyen, la frase de moviment&#8230; 00Avui, dia internacional de la Dansa us animem a ballar-la, nom\u00e9s ens heu de seguir, ja veureu que \u00e9s molt senzilla.I si us animeu podeu gravar-vos i penjar-ho a les xarxes amb el hashtag #FemDansa #DiainternacionalDansa #escolesArgentona <span class=\"\">@E<\/span><span class=\"hiddenGrammarError\" style=\"padding-bottom: 2px; background-image: url('..\/..\/..\/..\/..\/images\/squiggle.png'); background-repeat: repeat-x; background-position: left bottom; cursor: default; color: #666666; font-family: 'Open Sans', Helvetica, Arial, sans-serif; font-size: 16px; font-style: normal; font-variant-ligatures: normal; font-variant-caps: normal; font-weight: 300; letter-spacing: normal; orphans: 2; text-align: start; text-indent: 0px; text-transform: none; white-space: normal; widows: 2; word-spacing: 0px; -webkit-text-stroke-width: 0px; text-decoration-style: initial; text-decoration-color: initial;\">scolaOrrius \u00b7#B\u00e9laBart\u00f3k <span class=\"atwho-query\">@factoriamascar\u00f3<\/span><\/span><\/p>\n<p><iframe loading=\"lazy\" src=\"https:\/\/www.youtube.com\/embed\/zrWNnoF9Jl8\" width=\"560\" height=\"315\" frameborder=\"0\"><\/iframe><\/p>\n<p>&nbsp;<\/p>\n","protected":false},"excerpt":{"rendered":"<p>Avui \u00e9s el dia internacional de la Dansa, a l&#8217;escola compartim les paraules d&#8217;en Joan Serra (1947 &#8211; 2013)\u00a0&#8220;Ballem a la panxa de la mare, als bra\u00e7os del pare, caminant amb un amic, a la festa del poble. I ballant expliquem els nostres pensaments i&hellip;  <a href=\"https:\/\/agora.xtec.cat\/ceipfmacia-orrius\/portada\/fem-dansa\/\" title=\"Read FEM DANSA!\">Llegeix m\u00e9s\u00bb<\/a><\/p>\n","protected":false},"author":1,"featured_media":1594,"comment_status":"open","ping_status":"closed","sticky":false,"template":"","format":"standard","meta":{"_bbp_topic_count":0,"_bbp_reply_count":0,"_bbp_total_topic_count":0,"_bbp_total_reply_count":0,"_bbp_voice_count":0,"_bbp_anonymous_reply_count":0,"_bbp_topic_count_hidden":0,"_bbp_reply_count_hidden":0,"_bbp_forum_subforum_count":0,"footnotes":""},"categories":[60,72,12,13,4],"tags":[],"class_list":["post-1591","post","type-post","status-publish","format-standard","has-post-thumbnail","hentry","category-cm","category-exp-corporal","category-llops","category-mascotes-olimpiques","category-portada"],"post_mailing_queue_ids":[],"_links":{"self":[{"href":"https:\/\/agora.xtec.cat\/ceipfmacia-orrius\/wp-json\/wp\/v2\/posts\/1591","targetHints":{"allow":["GET"]}}],"collection":[{"href":"https:\/\/agora.xtec.cat\/ceipfmacia-orrius\/wp-json\/wp\/v2\/posts"}],"about":[{"href":"https:\/\/agora.xtec.cat\/ceipfmacia-orrius\/wp-json\/wp\/v2\/types\/post"}],"author":[{"embeddable":true,"href":"https:\/\/agora.xtec.cat\/ceipfmacia-orrius\/wp-json\/wp\/v2\/users\/1"}],"replies":[{"embeddable":true,"href":"https:\/\/agora.xtec.cat\/ceipfmacia-orrius\/wp-json\/wp\/v2\/comments?post=1591"}],"version-history":[{"count":3,"href":"https:\/\/agora.xtec.cat\/ceipfmacia-orrius\/wp-json\/wp\/v2\/posts\/1591\/revisions"}],"predecessor-version":[{"id":1595,"href":"https:\/\/agora.xtec.cat\/ceipfmacia-orrius\/wp-json\/wp\/v2\/posts\/1591\/revisions\/1595"}],"wp:featuredmedia":[{"embeddable":true,"href":"https:\/\/agora.xtec.cat\/ceipfmacia-orrius\/wp-json\/wp\/v2\/media\/1594"}],"wp:attachment":[{"href":"https:\/\/agora.xtec.cat\/ceipfmacia-orrius\/wp-json\/wp\/v2\/media?parent=1591"}],"wp:term":[{"taxonomy":"category","embeddable":true,"href":"https:\/\/agora.xtec.cat\/ceipfmacia-orrius\/wp-json\/wp\/v2\/categories?post=1591"},{"taxonomy":"post_tag","embeddable":true,"href":"https:\/\/agora.xtec.cat\/ceipfmacia-orrius\/wp-json\/wp\/v2\/tags?post=1591"}],"curies":[{"name":"wp","href":"https:\/\/api.w.org\/{rel}","templated":true}]}}