{"id":1533,"date":"2020-04-23T10:53:12","date_gmt":"2020-04-23T08:53:12","guid":{"rendered":"https:\/\/agora.xtec.cat\/ceipfmacia-orrius\/?p=1533"},"modified":"2020-04-23T13:50:43","modified_gmt":"2020-04-23T11:50:43","slug":"booktubers-per-sant-jordi","status":"publish","type":"post","link":"https:\/\/agora.xtec.cat\/ceipfmacia-orrius\/general\/booktubers-per-sant-jordi\/","title":{"rendered":"BOOKTUBERS PER SANT JORDI!"},"content":{"rendered":"<p>Aquesta setmana els nens i nenes de la classe han fet de Booktubers! Aprofitant que s&#8217;acosta Sant Jordi, us volem compartir algunes de les recomanacions que han fet sobre les lectures que m\u00e9s els hi agraden.<\/p>\n<p>I alguns us preguntareu que qu\u00e8 \u00e9s aix\u00f2 de Booktuber. Doncs un o una Booktuber \u00e9s una persona que fa les seves recomanacions de llibres fent v\u00eddeos a trav\u00e9s del youtube.<\/p>\n<p>Us deixem un enlla\u00e7 per poder veure-ho! Esperem que us agradi i que us serveixin les seves recomanacions m\u00e9s particulars!!<\/p>\n<p>&nbsp;<\/p>\n<p style=\"text-align: center;\"><a href=\"https:\/\/photos.app.goo.gl\/stP5U8j3FN5WZaMKA\" target=\"_blank\" rel=\"noopener noreferrer\">Recomanacions dels Booktubers!!<\/a><\/p>\n<p>&nbsp;<\/p>\n<p>&nbsp;<\/p>\n","protected":false},"excerpt":{"rendered":"<p>Aquesta setmana els nens i nenes de la classe han fet de Booktubers! Aprofitant que s&#8217;acosta Sant Jordi, us volem compartir algunes de les recomanacions que han fet sobre les lectures que m\u00e9s els hi agraden.<br \/>\nI alguns us preguntareu que qu\u00e8 \u00e9s aix\u00f2 de Booktuber.&hellip;  <a href=\"https:\/\/agora.xtec.cat\/ceipfmacia-orrius\/general\/booktubers-per-sant-jordi\/\" title=\"Read BOOKTUBERS PER SANT JORDI!\">Llegeix m\u00e9s\u00bb<\/a><\/p>\n","protected":false},"author":6,"featured_media":0,"comment_status":"open","ping_status":"closed","sticky":false,"template":"","format":"standard","meta":{"_bbp_topic_count":0,"_bbp_reply_count":0,"_bbp_total_topic_count":0,"_bbp_total_reply_count":0,"_bbp_voice_count":0,"_bbp_anonymous_reply_count":0,"_bbp_topic_count_hidden":0,"_bbp_reply_count_hidden":0,"_bbp_forum_subforum_count":0,"footnotes":""},"categories":[61,1,14,4],"tags":[122],"class_list":["post-1533","post","type-post","status-publish","format-standard","hentry","category-cs","category-general","category-porcs-senglars","category-portada","tag-booktuber"],"post_mailing_queue_ids":[],"_links":{"self":[{"href":"https:\/\/agora.xtec.cat\/ceipfmacia-orrius\/wp-json\/wp\/v2\/posts\/1533","targetHints":{"allow":["GET"]}}],"collection":[{"href":"https:\/\/agora.xtec.cat\/ceipfmacia-orrius\/wp-json\/wp\/v2\/posts"}],"about":[{"href":"https:\/\/agora.xtec.cat\/ceipfmacia-orrius\/wp-json\/wp\/v2\/types\/post"}],"author":[{"embeddable":true,"href":"https:\/\/agora.xtec.cat\/ceipfmacia-orrius\/wp-json\/wp\/v2\/users\/6"}],"replies":[{"embeddable":true,"href":"https:\/\/agora.xtec.cat\/ceipfmacia-orrius\/wp-json\/wp\/v2\/comments?post=1533"}],"version-history":[{"count":4,"href":"https:\/\/agora.xtec.cat\/ceipfmacia-orrius\/wp-json\/wp\/v2\/posts\/1533\/revisions"}],"predecessor-version":[{"id":1563,"href":"https:\/\/agora.xtec.cat\/ceipfmacia-orrius\/wp-json\/wp\/v2\/posts\/1533\/revisions\/1563"}],"wp:attachment":[{"href":"https:\/\/agora.xtec.cat\/ceipfmacia-orrius\/wp-json\/wp\/v2\/media?parent=1533"}],"wp:term":[{"taxonomy":"category","embeddable":true,"href":"https:\/\/agora.xtec.cat\/ceipfmacia-orrius\/wp-json\/wp\/v2\/categories?post=1533"},{"taxonomy":"post_tag","embeddable":true,"href":"https:\/\/agora.xtec.cat\/ceipfmacia-orrius\/wp-json\/wp\/v2\/tags?post=1533"}],"curies":[{"name":"wp","href":"https:\/\/api.w.org\/{rel}","templated":true}]}}