{"id":1495,"date":"2020-03-12T19:21:42","date_gmt":"2020-03-12T18:21:42","guid":{"rendered":"https:\/\/agora.xtec.cat\/ceipfmacia-orrius\/?p=1495"},"modified":"2020-04-17T19:26:45","modified_gmt":"2020-04-17T17:26:45","slug":"experimentem-sobre-laquari-demile-saint-saens","status":"publish","type":"post","link":"https:\/\/agora.xtec.cat\/ceipfmacia-orrius\/infantil\/experimentem-sobre-laquari-demile-saint-saens\/","title":{"rendered":"Experimentem sobre l&#8217;Aquari d&#8217;Emile Saint Sa\u00ebns"},"content":{"rendered":"<p>(M\u00fasica)<\/p>\n<p>Enlla\u00e7ant amb l\u2019audici\u00f3 de la sardina, treballem una altra audici\u00f3 relacionada amb elements del mar: l\u2019<strong>Aquari<\/strong> d\u2019 <strong>\u00a0Emile Saint Sa\u00ebns. <\/strong>Despr\u00e9s d\u2019haver vist un v\u00eddeo sobre dos cargols ermitans mentre escolt\u00e0vem \u00a0l\u2019audici\u00f3, passem a tocar instruments a trav\u00e9s d\u2019un musicograma on cada s\u00edmbol relacionat amb l\u2019instrument \u00e9s un element del mar. En una altra sessi\u00f3, fem un treball de moviment. Ens pintem la cara i les mans amb pintura fluorescent, apaguem els llums i encenem la \u201cllum fosca\u201d. Projectem animals de mar, movent-se a la pantalla, mentre sona l\u2019audici\u00f3 de l\u2019Aqu\u00e0rium. Mentre un grup es mou, segons l\u2019animal que hagi triat, la resta observen. Seguidament han d\u2019endevinar i recordar quins moviments han reprodu\u00eft els seus companys. Un cop han experimentat els moviments, i finalment, movent-nos tots junts, estirem un gran mural buit, i ens deixem anar tot pintant a trav\u00e9s de la \u201cllum fosca\u201d amb els retoladors fluorescents (dibuixant el moviment de les ones o dels animals que hem conegut, i finalment, els que s&#8217;hi atreveixen, reprodueixen amb el dibuix, elements de l\u2019aqu\u00e0rium). Tot i que a les fotos es percep poc, ens ho hem passat molt b\u00e9, i el resultat ens ha impressionat molt! Ha estat molt relaxat, art\u00edstic, creatiu i m\u00e0gic alhora.<\/p>\n\n<p><iframe loading=\"lazy\" title=\"Aquari\" width=\"500\" height=\"281\" src=\"https:\/\/www.youtube.com\/embed\/eT2z5FJLE9E?feature=oembed\" frameborder=\"0\" allow=\"accelerometer; autoplay; clipboard-write; encrypted-media; gyroscope; picture-in-picture; web-share\" referrerpolicy=\"strict-origin-when-cross-origin\" allowfullscreen><\/iframe><\/p>\n<p>&nbsp;<\/p>\n","protected":false},"excerpt":{"rendered":"<p>(M\u00fasica)<br \/>\nEnlla\u00e7ant amb l\u2019audici\u00f3 de la sardina, treballem una altra audici\u00f3 relacionada amb elements del mar: l\u2019Aquari d\u2019 \u00a0Emile Saint Sa\u00ebns. Despr\u00e9s d\u2019haver vist un v\u00eddeo sobre dos cargols ermitans mentre escolt\u00e0vem \u00a0l\u2019audici\u00f3, passem a tocar instruments a trav\u00e9s d\u2019un musicograma on cada s\u00edmbol relacionat amb&hellip;  <a href=\"https:\/\/agora.xtec.cat\/ceipfmacia-orrius\/infantil\/experimentem-sobre-laquari-demile-saint-saens\/\" title=\"Read Experimentem sobre l&#8217;Aquari d&#8217;Emile Saint Sa\u00ebns\">Llegeix m\u00e9s\u00bb<\/a><\/p>\n","protected":false},"author":13,"featured_media":1509,"comment_status":"open","ping_status":"closed","sticky":false,"template":"","format":"standard","meta":{"_bbp_topic_count":0,"_bbp_reply_count":0,"_bbp_total_topic_count":0,"_bbp_total_reply_count":0,"_bbp_voice_count":0,"_bbp_anonymous_reply_count":0,"_bbp_topic_count_hidden":0,"_bbp_reply_count_hidden":0,"_bbp_forum_subforum_count":0,"footnotes":""},"categories":[2,70],"tags":[],"class_list":["post-1495","post","type-post","status-publish","format-standard","has-post-thumbnail","hentry","category-infantil","category-musica"],"post_mailing_queue_ids":[],"_links":{"self":[{"href":"https:\/\/agora.xtec.cat\/ceipfmacia-orrius\/wp-json\/wp\/v2\/posts\/1495","targetHints":{"allow":["GET"]}}],"collection":[{"href":"https:\/\/agora.xtec.cat\/ceipfmacia-orrius\/wp-json\/wp\/v2\/posts"}],"about":[{"href":"https:\/\/agora.xtec.cat\/ceipfmacia-orrius\/wp-json\/wp\/v2\/types\/post"}],"author":[{"embeddable":true,"href":"https:\/\/agora.xtec.cat\/ceipfmacia-orrius\/wp-json\/wp\/v2\/users\/13"}],"replies":[{"embeddable":true,"href":"https:\/\/agora.xtec.cat\/ceipfmacia-orrius\/wp-json\/wp\/v2\/comments?post=1495"}],"version-history":[{"count":3,"href":"https:\/\/agora.xtec.cat\/ceipfmacia-orrius\/wp-json\/wp\/v2\/posts\/1495\/revisions"}],"predecessor-version":[{"id":1521,"href":"https:\/\/agora.xtec.cat\/ceipfmacia-orrius\/wp-json\/wp\/v2\/posts\/1495\/revisions\/1521"}],"wp:featuredmedia":[{"embeddable":true,"href":"https:\/\/agora.xtec.cat\/ceipfmacia-orrius\/wp-json\/wp\/v2\/media\/1509"}],"wp:attachment":[{"href":"https:\/\/agora.xtec.cat\/ceipfmacia-orrius\/wp-json\/wp\/v2\/media?parent=1495"}],"wp:term":[{"taxonomy":"category","embeddable":true,"href":"https:\/\/agora.xtec.cat\/ceipfmacia-orrius\/wp-json\/wp\/v2\/categories?post=1495"},{"taxonomy":"post_tag","embeddable":true,"href":"https:\/\/agora.xtec.cat\/ceipfmacia-orrius\/wp-json\/wp\/v2\/tags?post=1495"}],"curies":[{"name":"wp","href":"https:\/\/api.w.org\/{rel}","templated":true}]}}