{"id":1474,"date":"2020-03-20T12:42:25","date_gmt":"2020-03-20T11:42:25","guid":{"rendered":"https:\/\/agora.xtec.cat\/ceipfmacia-orrius\/?p=1474"},"modified":"2020-04-09T13:39:05","modified_gmt":"2020-04-09T11:39:05","slug":"protagonista-en-marc","status":"publish","type":"post","link":"https:\/\/agora.xtec.cat\/ceipfmacia-orrius\/infantil\/protagonista-en-marc\/","title":{"rendered":"PROTAGONISTA: EN MARC!"},"content":{"rendered":"<p>La primera setmana de mar\u00e7, en Marc va ser el protagonista de la classe! Va portar la \u201ccaixa dels tresors\u201d per compartir-la amb els companys i companyes en el seu rac\u00f3. I divendres, la seva mare, la Montse, ens va fer la gimcana del pirata (un personatge que li agrada molt a en Marc!)  amb proves i un mapa de l\u2019exterior de l\u2019escola molt treballat, que no vam poder utilitzar perqu\u00e8 ens va ploure. Tot i aix\u00ed, la diversi\u00f3 dins l\u2019aula va ser assegurada! Vam haver de buscar pistes, resoldre endevinalles, fer el joc de l\u2019aranya, cantar i ballar i escoltar uns contes molt divertits! Ens ho vam passar molt b\u00e9! Moltes gr\u00e0cies, Montse i Marc! Aqu\u00ed hi teniu les fotos!<\/p>\n<p><a href=\"http:\/\/www.kizoa.es\/Editar-V\u00eddeos-Movie-Maker\/d316907763kP968255678o2l1\/2019-20-marc-protagonista\" rel=\"noopener noreferrer\" target=\"_blank\">V\u00eddeo Protagonista Marc.Per a m\u00f2bils i tablets<\/a><\/p>\n<p><object width=\"640\" height=\"360\"><param name=\"movie\" value=\"https:\/\/app.kizoa.pl\/i-Contact\/sflite.swf?did=316907763&#038;k=P968255678&#038;hk=1&#038;loop=1\"><\/param><param name=\"wmode\" value=\"transparent\"><\/param><param name=\"allowFullScreen\" value=\"true\"><\/param><embed src=\"https:\/\/app.kizoa.pl\/i-Contact\/sflite.swf?did=316907763&#038;k=P968255678&#038;hk=1&#038;loop=1\" type=\"application\/x-shockwave-flash\" wmode=\"transparent\" width=\"640\" height=\"360\" allowFullScreen=\"true\"><\/embed><\/object><\/p>\n","protected":false},"excerpt":{"rendered":"<p>La primera setmana de mar\u00e7, en Marc va ser el protagonista de la classe! Va portar la \u201ccaixa dels tresors\u201d per compartir-la amb els companys i companyes en el seu rac\u00f3. I divendres, la seva mare, la Montse, ens va fer la gimcana del pirata&hellip;  <a href=\"https:\/\/agora.xtec.cat\/ceipfmacia-orrius\/infantil\/protagonista-en-marc\/\" title=\"Read PROTAGONISTA: EN MARC!\">Llegeix m\u00e9s\u00bb<\/a><\/p>\n","protected":false},"author":17,"featured_media":0,"comment_status":"open","ping_status":"closed","sticky":false,"template":"","format":"standard","meta":{"_bbp_topic_count":0,"_bbp_reply_count":0,"_bbp_total_topic_count":0,"_bbp_total_reply_count":0,"_bbp_voice_count":0,"_bbp_anonymous_reply_count":0,"_bbp_topic_count_hidden":0,"_bbp_reply_count_hidden":0,"_bbp_forum_subforum_count":0,"footnotes":""},"categories":[2,8],"tags":[],"class_list":["post-1474","post","type-post","status-publish","format-standard","hentry","category-infantil","category-aquatics-infantil"],"post_mailing_queue_ids":[],"_links":{"self":[{"href":"https:\/\/agora.xtec.cat\/ceipfmacia-orrius\/wp-json\/wp\/v2\/posts\/1474","targetHints":{"allow":["GET"]}}],"collection":[{"href":"https:\/\/agora.xtec.cat\/ceipfmacia-orrius\/wp-json\/wp\/v2\/posts"}],"about":[{"href":"https:\/\/agora.xtec.cat\/ceipfmacia-orrius\/wp-json\/wp\/v2\/types\/post"}],"author":[{"embeddable":true,"href":"https:\/\/agora.xtec.cat\/ceipfmacia-orrius\/wp-json\/wp\/v2\/users\/17"}],"replies":[{"embeddable":true,"href":"https:\/\/agora.xtec.cat\/ceipfmacia-orrius\/wp-json\/wp\/v2\/comments?post=1474"}],"version-history":[{"count":1,"href":"https:\/\/agora.xtec.cat\/ceipfmacia-orrius\/wp-json\/wp\/v2\/posts\/1474\/revisions"}],"predecessor-version":[{"id":1475,"href":"https:\/\/agora.xtec.cat\/ceipfmacia-orrius\/wp-json\/wp\/v2\/posts\/1474\/revisions\/1475"}],"wp:attachment":[{"href":"https:\/\/agora.xtec.cat\/ceipfmacia-orrius\/wp-json\/wp\/v2\/media?parent=1474"}],"wp:term":[{"taxonomy":"category","embeddable":true,"href":"https:\/\/agora.xtec.cat\/ceipfmacia-orrius\/wp-json\/wp\/v2\/categories?post=1474"},{"taxonomy":"post_tag","embeddable":true,"href":"https:\/\/agora.xtec.cat\/ceipfmacia-orrius\/wp-json\/wp\/v2\/tags?post=1474"}],"curies":[{"name":"wp","href":"https:\/\/api.w.org\/{rel}","templated":true}]}}