{"id":1472,"date":"2020-03-16T12:39:17","date_gmt":"2020-03-16T11:39:17","guid":{"rendered":"https:\/\/agora.xtec.cat\/ceipfmacia-orrius\/?p=1472"},"modified":"2020-04-09T12:40:36","modified_gmt":"2020-04-09T10:40:36","slug":"protagonista-en-pep","status":"publish","type":"post","link":"https:\/\/agora.xtec.cat\/ceipfmacia-orrius\/infantil\/protagonista-en-pep\/","title":{"rendered":"PROTAGONISTA: EN PEP!"},"content":{"rendered":"<p>Aquesta setmana del 3 al 9 de febrer, en Pep ha estat el primer Protagonista de la classe dels ossos i osses polars. Dilluns va portar la seva \u201ccaixa dels tresors\u201d per compartir-la amb els seus companys i companyes! Divendres, la seva mare, l\u2019Anna, i el seu pare, en Jordi, han vingut a l\u2019escola per passar la tarda amb nosaltres i fer una activitat amb totes les nenes i nens de la classe. Tamb\u00e9 ha vingut a compartir aquesta experi\u00e8ncia, la germana d\u2019en Pep, la Lola. Els seus pares han preparat una activitat-experiment relacionada amb el nostre projecte sobre \u201cossos\/es polars\u201d. Hem apr\u00e8s \u201cper qu\u00e8 els ossos i osses polars suporten aquestes temperatures tan baixes\u201d. Ha estat una experi\u00e8ncia molt enriquidora! Moltes gr\u00e0cies, Anna, Jordi i Pep! Aqu\u00ed hi teniu les fotografies!<\/p>\n<p><a href=\"http:\/\/www.kizoa.es\/Editar-V\u00eddeos-Movie-Maker\/d316906397kP1115603143o2l1\/2019-20-protagonista-pep\" rel=\"noopener noreferrer\" target=\"_blank\">V\u00eddeo Protagonista Pep. Per a m\u00f2bils i tablets.<\/a><\/p>\n<p><object width=\"640\" height=\"360\"><param name=\"movie\" value=\"https:\/\/app.kizoa.pl\/i-Contact\/sflite.swf?did=316906397&#038;k=P1115603143&#038;hk=1&#038;loop=1\"><\/param><param name=\"wmode\" value=\"transparent\"><\/param><param name=\"allowFullScreen\" value=\"true\"><\/param><embed src=\"https:\/\/app.kizoa.pl\/i-Contact\/sflite.swf?did=316906397&#038;k=P1115603143&#038;hk=1&#038;loop=1\" type=\"application\/x-shockwave-flash\" wmode=\"transparent\" width=\"640\" height=\"360\" allowFullScreen=\"true\"><\/embed><\/object><\/p>\n","protected":false},"excerpt":{"rendered":"<p>Aquesta setmana del 3 al 9 de febrer, en Pep ha estat el primer Protagonista de la classe dels ossos i osses polars. Dilluns va portar la seva \u201ccaixa dels tresors\u201d per compartir-la amb els seus companys i companyes! Divendres, la seva mare, l\u2019Anna, i&hellip;  <a href=\"https:\/\/agora.xtec.cat\/ceipfmacia-orrius\/infantil\/protagonista-en-pep\/\" title=\"Read PROTAGONISTA: EN PEP!\">Llegeix m\u00e9s\u00bb<\/a><\/p>\n","protected":false},"author":17,"featured_media":0,"comment_status":"open","ping_status":"closed","sticky":false,"template":"","format":"standard","meta":{"_bbp_topic_count":0,"_bbp_reply_count":0,"_bbp_total_topic_count":0,"_bbp_total_reply_count":0,"_bbp_voice_count":0,"_bbp_anonymous_reply_count":0,"_bbp_topic_count_hidden":0,"_bbp_reply_count_hidden":0,"_bbp_forum_subforum_count":0,"footnotes":""},"categories":[2,8],"tags":[],"class_list":["post-1472","post","type-post","status-publish","format-standard","hentry","category-infantil","category-aquatics-infantil"],"post_mailing_queue_ids":[],"_links":{"self":[{"href":"https:\/\/agora.xtec.cat\/ceipfmacia-orrius\/wp-json\/wp\/v2\/posts\/1472","targetHints":{"allow":["GET"]}}],"collection":[{"href":"https:\/\/agora.xtec.cat\/ceipfmacia-orrius\/wp-json\/wp\/v2\/posts"}],"about":[{"href":"https:\/\/agora.xtec.cat\/ceipfmacia-orrius\/wp-json\/wp\/v2\/types\/post"}],"author":[{"embeddable":true,"href":"https:\/\/agora.xtec.cat\/ceipfmacia-orrius\/wp-json\/wp\/v2\/users\/17"}],"replies":[{"embeddable":true,"href":"https:\/\/agora.xtec.cat\/ceipfmacia-orrius\/wp-json\/wp\/v2\/comments?post=1472"}],"version-history":[{"count":1,"href":"https:\/\/agora.xtec.cat\/ceipfmacia-orrius\/wp-json\/wp\/v2\/posts\/1472\/revisions"}],"predecessor-version":[{"id":1473,"href":"https:\/\/agora.xtec.cat\/ceipfmacia-orrius\/wp-json\/wp\/v2\/posts\/1472\/revisions\/1473"}],"wp:attachment":[{"href":"https:\/\/agora.xtec.cat\/ceipfmacia-orrius\/wp-json\/wp\/v2\/media?parent=1472"}],"wp:term":[{"taxonomy":"category","embeddable":true,"href":"https:\/\/agora.xtec.cat\/ceipfmacia-orrius\/wp-json\/wp\/v2\/categories?post=1472"},{"taxonomy":"post_tag","embeddable":true,"href":"https:\/\/agora.xtec.cat\/ceipfmacia-orrius\/wp-json\/wp\/v2\/tags?post=1472"}],"curies":[{"name":"wp","href":"https:\/\/api.w.org\/{rel}","templated":true}]}}