{"id":1449,"date":"2020-04-07T15:09:14","date_gmt":"2020-04-07T13:09:14","guid":{"rendered":"https:\/\/agora.xtec.cat\/ceipfmacia-orrius\/?p=1449"},"modified":"2020-04-07T15:09:14","modified_gmt":"2020-04-07T13:09:14","slug":"trobada-virtual-de-les-mafaldes","status":"publish","type":"post","link":"https:\/\/agora.xtec.cat\/ceipfmacia-orrius\/general\/trobada-virtual-de-les-mafaldes\/","title":{"rendered":"TROBADA VIRTUAL DE LES MAFALDES"},"content":{"rendered":"<p>El divendres 03 d&#8217;abril, despr\u00e9s de tres setmanes sense veure&#8217;ns, les Mafaldes vam fer una trobada virtual per veure que tots i totes est\u00e0vem b\u00e9, junts les fam\u00edlies i els i les mestres.<\/p>\n<p>Va ser molt emocionant, poder trobar-nos en una situaci\u00f3 tan estranya, per\u00f2 va ser molt gratificant.<\/p>\n<p>Vam poder parlar tots i totes, de com estem, qu\u00e8 fem, si estem b\u00e9 d&#8217;\u00e0nims, si ajudem a casa, si fem esport, si estem avorrits, etc. Tots i totes van tenir alguna cosa a dir.<\/p>\n<p>Alguns de nosaltres vam tenir una mica de vergonya a parlar per l&#8217;ordinador, per\u00f2 tots i totes est\u00e0vem molt contents de poder estar de nou reunits de manera virtual.<\/p>\n<p>Despr\u00e9s de Setmana Santa, tornem a veure&#8217;ns de nou!!!<\/p>\n<p><img loading=\"lazy\" decoding=\"async\" class=\"attachment-266x266 aligncenter\" src=\"https:\/\/agora.xtec.cat\/ceipfmacia-orrius\/wp-content\/uploads\/usu2067\/2020\/04\/IMG-20200403-WA0019.jpg\" sizes=\"auto, (max-width: 266px) 100vw, 266px\" srcset=\"https:\/\/agora.xtec.cat\/ceipfmacia-orrius\/wp-content\/uploads\/usu2067\/2020\/04\/IMG-20200403-WA0019.jpg 2048w, https:\/\/agora.xtec.cat\/ceipfmacia-orrius\/wp-content\/uploads\/usu2067\/2020\/04\/IMG-20200403-WA0019-300x144.jpg 300w, https:\/\/agora.xtec.cat\/ceipfmacia-orrius\/wp-content\/uploads\/usu2067\/2020\/04\/IMG-20200403-WA0019-768x369.jpg 768w, https:\/\/agora.xtec.cat\/ceipfmacia-orrius\/wp-content\/uploads\/usu2067\/2020\/04\/IMG-20200403-WA0019-1024x492.jpg 1024w\" alt=\"\" width=\"574\" height=\"275\" \/><\/p>\n","protected":false},"excerpt":{"rendered":"<p>El divendres 03 d&#8217;abril, despr\u00e9s de tres setmanes sense veure&#8217;ns, les Mafaldes vam fer una trobada virtual per veure que tots i totes est\u00e0vem b\u00e9, junts les fam\u00edlies i els i les mestres.<br \/>\nVa ser molt emocionant, poder trobar-nos en una situaci\u00f3 tan estranya, per\u00f2 va&hellip;  <a href=\"https:\/\/agora.xtec.cat\/ceipfmacia-orrius\/general\/trobada-virtual-de-les-mafaldes\/\" title=\"Read TROBADA VIRTUAL DE LES MAFALDES\">Llegeix m\u00e9s\u00bb<\/a><\/p>\n","protected":false},"author":1,"featured_media":1450,"comment_status":"open","ping_status":"closed","sticky":false,"template":"","format":"standard","meta":{"_bbp_topic_count":0,"_bbp_reply_count":0,"_bbp_total_topic_count":0,"_bbp_total_reply_count":0,"_bbp_voice_count":0,"_bbp_anonymous_reply_count":0,"_bbp_topic_count_hidden":0,"_bbp_reply_count_hidden":0,"_bbp_forum_subforum_count":0,"footnotes":""},"categories":[60,1,12],"tags":[118,117],"class_list":["post-1449","post","type-post","status-publish","format-standard","has-post-thumbnail","hentry","category-cm","category-general","category-llops","tag-trobada-virtual","tag-videoconferencia"],"post_mailing_queue_ids":[],"_links":{"self":[{"href":"https:\/\/agora.xtec.cat\/ceipfmacia-orrius\/wp-json\/wp\/v2\/posts\/1449","targetHints":{"allow":["GET"]}}],"collection":[{"href":"https:\/\/agora.xtec.cat\/ceipfmacia-orrius\/wp-json\/wp\/v2\/posts"}],"about":[{"href":"https:\/\/agora.xtec.cat\/ceipfmacia-orrius\/wp-json\/wp\/v2\/types\/post"}],"author":[{"embeddable":true,"href":"https:\/\/agora.xtec.cat\/ceipfmacia-orrius\/wp-json\/wp\/v2\/users\/1"}],"replies":[{"embeddable":true,"href":"https:\/\/agora.xtec.cat\/ceipfmacia-orrius\/wp-json\/wp\/v2\/comments?post=1449"}],"version-history":[{"count":1,"href":"https:\/\/agora.xtec.cat\/ceipfmacia-orrius\/wp-json\/wp\/v2\/posts\/1449\/revisions"}],"predecessor-version":[{"id":1451,"href":"https:\/\/agora.xtec.cat\/ceipfmacia-orrius\/wp-json\/wp\/v2\/posts\/1449\/revisions\/1451"}],"wp:featuredmedia":[{"embeddable":true,"href":"https:\/\/agora.xtec.cat\/ceipfmacia-orrius\/wp-json\/wp\/v2\/media\/1450"}],"wp:attachment":[{"href":"https:\/\/agora.xtec.cat\/ceipfmacia-orrius\/wp-json\/wp\/v2\/media?parent=1449"}],"wp:term":[{"taxonomy":"category","embeddable":true,"href":"https:\/\/agora.xtec.cat\/ceipfmacia-orrius\/wp-json\/wp\/v2\/categories?post=1449"},{"taxonomy":"post_tag","embeddable":true,"href":"https:\/\/agora.xtec.cat\/ceipfmacia-orrius\/wp-json\/wp\/v2\/tags?post=1449"}],"curies":[{"name":"wp","href":"https:\/\/api.w.org\/{rel}","templated":true}]}}