{"id":1435,"date":"2020-03-18T19:29:12","date_gmt":"2020-03-18T18:29:12","guid":{"rendered":"https:\/\/agora.xtec.cat\/ceipfmacia-orrius\/?p=1435"},"modified":"2020-04-03T19:31:04","modified_gmt":"2020-04-03T17:31:04","slug":"protagonista-lestel","status":"publish","type":"post","link":"https:\/\/agora.xtec.cat\/ceipfmacia-orrius\/infantil\/protagonista-lestel\/","title":{"rendered":"PROTAGONISTA: L&#8217;ESTEL!"},"content":{"rendered":"<p>El dilluns 10 de febrer l\u2019Estel va comen\u00e7ar a ser la protagonista de la setmana i ens va portar la seva \u201ccaixa dels tresors\u201d per compartir-la al rac\u00f3! Avui divendres, el seu pare, en Pau, i la seva mare, la Roser, com que tenen una filla de P5, ens han vingut a explicar les seves professions. En Pau \u00e9s bomber, i entre d\u2019altres coses, ens ha posat unes ulleres sense visibilitat i ens ha fet caminar amb elles per l\u2019aula, com ho fan ells, sempre amb un peu endavant i els bra\u00e7os davant dels ulls i el cos per poder-ho palpar tot, sense veure-hi gens. Despr\u00e9s, hem fet un casc de bombers! I finalment, la Roser que \u00e9s mestra de psicomotricitat, ens ha fet un ball s\u00faper xulo! Ha estat moooolt divertit! Moltes gr\u00e0cies, Pau, Roser i Estel! Aqu\u00ed hi teniu les fotografies!<\/p>\n<p><embed src=\"https:\/\/app.kizoa.pl\/i-Contact\/sflite.swf?did=315996297&amp;k=P1049889645&amp;hk=1&amp;loop=1\" type=\"application\/x-shockwave-flash\" width=\"640\" height=\"360\"><\/embed><\/p>\n<p><a href=\"http:\/\/www.kizoa.es\/Editar-V\u00eddeos-Movie-Maker\/d315996297kP1049889645o2l1\/2019-20-estel-protagonista\">V\u00eddeo protagonista Estel per a m\u00f2bil i tablet.Cliqueu aqu\u00ed.<\/a><\/p>\n","protected":false},"excerpt":{"rendered":"<p>El dilluns 10 de febrer l\u2019Estel va comen\u00e7ar a ser la protagonista de la setmana i ens va portar la seva \u201ccaixa dels tresors\u201d per compartir-la al rac\u00f3! Avui divendres, el seu pare, en Pau, i la seva mare, la Roser, com que tenen una&hellip;  <a href=\"https:\/\/agora.xtec.cat\/ceipfmacia-orrius\/infantil\/protagonista-lestel\/\" title=\"Read PROTAGONISTA: L&#8217;ESTEL!\">Llegeix m\u00e9s\u00bb<\/a><\/p>\n","protected":false},"author":17,"featured_media":0,"comment_status":"open","ping_status":"closed","sticky":false,"template":"","format":"standard","meta":{"_bbp_topic_count":0,"_bbp_reply_count":0,"_bbp_total_topic_count":0,"_bbp_total_reply_count":0,"_bbp_voice_count":0,"_bbp_anonymous_reply_count":0,"_bbp_topic_count_hidden":0,"_bbp_reply_count_hidden":0,"_bbp_forum_subforum_count":0,"footnotes":""},"categories":[2,8],"tags":[],"class_list":["post-1435","post","type-post","status-publish","format-standard","hentry","category-infantil","category-aquatics-infantil"],"post_mailing_queue_ids":[],"_links":{"self":[{"href":"https:\/\/agora.xtec.cat\/ceipfmacia-orrius\/wp-json\/wp\/v2\/posts\/1435","targetHints":{"allow":["GET"]}}],"collection":[{"href":"https:\/\/agora.xtec.cat\/ceipfmacia-orrius\/wp-json\/wp\/v2\/posts"}],"about":[{"href":"https:\/\/agora.xtec.cat\/ceipfmacia-orrius\/wp-json\/wp\/v2\/types\/post"}],"author":[{"embeddable":true,"href":"https:\/\/agora.xtec.cat\/ceipfmacia-orrius\/wp-json\/wp\/v2\/users\/17"}],"replies":[{"embeddable":true,"href":"https:\/\/agora.xtec.cat\/ceipfmacia-orrius\/wp-json\/wp\/v2\/comments?post=1435"}],"version-history":[{"count":1,"href":"https:\/\/agora.xtec.cat\/ceipfmacia-orrius\/wp-json\/wp\/v2\/posts\/1435\/revisions"}],"predecessor-version":[{"id":1436,"href":"https:\/\/agora.xtec.cat\/ceipfmacia-orrius\/wp-json\/wp\/v2\/posts\/1435\/revisions\/1436"}],"wp:attachment":[{"href":"https:\/\/agora.xtec.cat\/ceipfmacia-orrius\/wp-json\/wp\/v2\/media?parent=1435"}],"wp:term":[{"taxonomy":"category","embeddable":true,"href":"https:\/\/agora.xtec.cat\/ceipfmacia-orrius\/wp-json\/wp\/v2\/categories?post=1435"},{"taxonomy":"post_tag","embeddable":true,"href":"https:\/\/agora.xtec.cat\/ceipfmacia-orrius\/wp-json\/wp\/v2\/tags?post=1435"}],"curies":[{"name":"wp","href":"https:\/\/api.w.org\/{rel}","templated":true}]}}