{"id":1427,"date":"2020-04-02T18:24:59","date_gmt":"2020-04-02T16:24:59","guid":{"rendered":"https:\/\/agora.xtec.cat\/ceipfmacia-orrius\/?p=1427"},"modified":"2020-04-02T19:20:06","modified_gmt":"2020-04-02T17:20:06","slug":"una-mica-de-colors-per-alegrar-nos-els-cors","status":"publish","type":"post","link":"https:\/\/agora.xtec.cat\/ceipfmacia-orrius\/general\/una-mica-de-colors-per-alegrar-nos-els-cors\/","title":{"rendered":"Una mica de colors per alegrar-nos els cors!"},"content":{"rendered":"<p>Sembla mentida que fa res estavem fent xerinola i gresca&#8230; i just quan entra la Vella Quaresma&#8230; Per\u00f2 us dir\u00e9 una cosa, per a que recordeu tot all\u00f2 que farem quan puguem comen\u00e7ar a sortir, us passo aquest video que ens recoda que si podem, cada dia una estona, ens va molt b\u00e9 ballar i saltar!<\/p>\n<p>Fins aviadet!<\/p>\n<p>Anna<\/p>\n<p><iframe loading=\"lazy\" title=\"CArnaval orrius 2020\" width=\"500\" height=\"281\" src=\"https:\/\/www.youtube.com\/embed\/KJk6fZFZ01M?feature=oembed\" frameborder=\"0\" allow=\"accelerometer; autoplay; clipboard-write; encrypted-media; gyroscope; picture-in-picture; web-share\" referrerpolicy=\"strict-origin-when-cross-origin\" allowfullscreen><\/iframe><\/p>\n","protected":false},"excerpt":{"rendered":"<p>Sembla mentida que fa res estavem fent xerinola i gresca&#8230; i just quan entra la Vella Quaresma&#8230; Per\u00f2 us dir\u00e9 una cosa, per a que recordeu tot all\u00f2 que farem quan puguem comen\u00e7ar a sortir, us passo aquest video que ens recoda que si podem,&hellip;  <a href=\"https:\/\/agora.xtec.cat\/ceipfmacia-orrius\/general\/una-mica-de-colors-per-alegrar-nos-els-cors\/\" title=\"Read Una mica de colors per alegrar-nos els cors!\">Llegeix m\u00e9s\u00bb<\/a><\/p>\n","protected":false},"author":1,"featured_media":1428,"comment_status":"open","ping_status":"closed","sticky":false,"template":"","format":"standard","meta":{"_bbp_topic_count":0,"_bbp_reply_count":0,"_bbp_total_topic_count":0,"_bbp_total_reply_count":0,"_bbp_voice_count":0,"_bbp_anonymous_reply_count":0,"_bbp_topic_count_hidden":0,"_bbp_reply_count_hidden":0,"_bbp_forum_subforum_count":0,"footnotes":""},"categories":[5,60,61,67,1,2,70],"tags":[115,116],"class_list":["post-1427","post","type-post","status-publish","format-standard","has-post-thumbnail","hentry","category-ci","category-cm","category-cs","category-festes","category-general","category-infantil","category-musica","tag-carnestoltes","tag-creativitat"],"post_mailing_queue_ids":[],"_links":{"self":[{"href":"https:\/\/agora.xtec.cat\/ceipfmacia-orrius\/wp-json\/wp\/v2\/posts\/1427","targetHints":{"allow":["GET"]}}],"collection":[{"href":"https:\/\/agora.xtec.cat\/ceipfmacia-orrius\/wp-json\/wp\/v2\/posts"}],"about":[{"href":"https:\/\/agora.xtec.cat\/ceipfmacia-orrius\/wp-json\/wp\/v2\/types\/post"}],"author":[{"embeddable":true,"href":"https:\/\/agora.xtec.cat\/ceipfmacia-orrius\/wp-json\/wp\/v2\/users\/1"}],"replies":[{"embeddable":true,"href":"https:\/\/agora.xtec.cat\/ceipfmacia-orrius\/wp-json\/wp\/v2\/comments?post=1427"}],"version-history":[{"count":1,"href":"https:\/\/agora.xtec.cat\/ceipfmacia-orrius\/wp-json\/wp\/v2\/posts\/1427\/revisions"}],"predecessor-version":[{"id":1429,"href":"https:\/\/agora.xtec.cat\/ceipfmacia-orrius\/wp-json\/wp\/v2\/posts\/1427\/revisions\/1429"}],"wp:featuredmedia":[{"embeddable":true,"href":"https:\/\/agora.xtec.cat\/ceipfmacia-orrius\/wp-json\/wp\/v2\/media\/1428"}],"wp:attachment":[{"href":"https:\/\/agora.xtec.cat\/ceipfmacia-orrius\/wp-json\/wp\/v2\/media?parent=1427"}],"wp:term":[{"taxonomy":"category","embeddable":true,"href":"https:\/\/agora.xtec.cat\/ceipfmacia-orrius\/wp-json\/wp\/v2\/categories?post=1427"},{"taxonomy":"post_tag","embeddable":true,"href":"https:\/\/agora.xtec.cat\/ceipfmacia-orrius\/wp-json\/wp\/v2\/tags?post=1427"}],"curies":[{"name":"wp","href":"https:\/\/api.w.org\/{rel}","templated":true}]}}