{"id":1422,"date":"2020-04-02T18:09:58","date_gmt":"2020-04-02T16:09:58","guid":{"rendered":"https:\/\/agora.xtec.cat\/ceipfmacia-orrius\/?p=1422"},"modified":"2020-04-02T18:09:58","modified_gmt":"2020-04-02T16:09:58","slug":"salutacions-i-abracades-virtuals-i-musicals","status":"publish","type":"post","link":"https:\/\/agora.xtec.cat\/ceipfmacia-orrius\/ci\/salutacions-i-abracades-virtuals-i-musicals\/","title":{"rendered":"Salutacions i abra\u00e7ades virtuals i musicals"},"content":{"rendered":"<p><iframe loading=\"lazy\" title=\"SALUTACI\u00d3 M\u00daSICA PRIM\u00c0RIA\" width=\"500\" height=\"281\" src=\"https:\/\/www.youtube.com\/embed\/vmDpKvdcCFU?feature=oembed\" frameborder=\"0\" allow=\"accelerometer; autoplay; clipboard-write; encrypted-media; gyroscope; picture-in-picture; web-share\" referrerpolicy=\"strict-origin-when-cross-origin\" allowfullscreen><\/iframe><\/p>\n<p>Bona tarda a tots i totes, despr\u00e9s de quasi 3 setmanes confinats a casa us volia enviar una salutaci\u00f3 simp\u00e0tica perqu\u00e8 no us oblideu que en aquesta situaci\u00f3 tan peculiar no esteu sols ni soles. Que tots els mestres estem, amb vosaltres i encara que no ens puguem fer una abra\u00e7ada, seguim al vostre costat per al que necessiteu. Jo per la meva part intentant oferir-vos algunes propostes que us puguin fer sortir de la monotonia! I pugueu seguir fent servir la vostra imaginaci\u00f3. Quina sort tenim de tenir-la! i si la practiques sempre creix! Igualment us proposar\u00e9 des de m\u00fasica poder seguir cultivant la vostra creativitat i sobretot connectant amb totes les emocions que surten aquests dies&#8230; Com us deia als i les FANTASMES , recordeu el conte del Mico? Aquell que estava tot desconsolat perqu\u00e8 no sabia qu\u00e8 li passava? Recordeu quines eines, quines activitats li van dir els seus pares i amics que podia fer servir? Ara \u00e9s moment que vosaltres si esteu a estones com ell, tamb\u00e9 les pugueu fer servir. Jo les estic fent servir di\u00e0riament! \ud83d\ude42<\/p>\n<p><iframe loading=\"lazy\" title=\"expressi\u00f3 corporal ci\" width=\"500\" height=\"281\" src=\"https:\/\/www.youtube.com\/embed\/HJB7E-QBkNQ?feature=oembed\" frameborder=\"0\" allow=\"accelerometer; autoplay; clipboard-write; encrypted-media; gyroscope; picture-in-picture; web-share\" referrerpolicy=\"strict-origin-when-cross-origin\" allowfullscreen><\/iframe><\/p>\n<p>I vosaltres <em>MAFALDES I MINIONS, <\/em>com esteu? Ens vam quedar amb les ganes de poder construir aquells contes que hav\u00edem reformat i poder-los convertir en musicals! Per\u00f2 no patiu que alguna cosa aconseguirem fer! Aquests moments que estem vivint ens ajudaran a treure m\u00e9s la nostra creativitat i a inventar coses noves. Segur que ja n&#8217;heu inventat moltes! I ens trobarem per fer aquelles estones m\u00e0giques que tant us agraden de relaxaci\u00f3!<\/p>\n<p>https:\/\/youtu.be\/s4oPxIi_YTE<\/p>\n<p><em>BARRUFETS I BARRUFETES!<\/em> que no m&#8217;oblido de vosaltres! De fet he pensat en tantes idees per fer amb vosaltres&#8230; quina manera m\u00e9s peculiar que t\u00e9 la vida de fer-nos pensar en les coses oi? De fer-nos madurar &#8230; i vosaltres ja sou grans! algunes i alguns esteu al darrer curs. Un curs del m\u00e9s curi\u00f3s oi? Com esteu? Com van aquestes emocions&#8230; ja sabeu com tantes vegades hem parlat que esteu en pl\u00e8 moment hormonal! I \u00e9s bo deixar que surtin! Jo en un dia he passat de la tristesa a la rabia a l&#8217;alegria&#8230; aix\u00f2 de no poder fer el que un vol ens fa passar moltes proves&#8230; per\u00f2 sabeu qu\u00e8? quan passin els dies, els mesos i els anys, veurem el gran aprenentatge d&#8217;aquest moment. Diuen que dels moments m\u00e9s incerts i de crisi surten els m\u00e9s grans dels aprenentatges i les idees m\u00e9s genials. Aix\u00ed que molts \u00e0nims a tots i totes i ens veiem aviat! Encara que sigui amb una pantalla pel mig.<\/p>\n<p><iframe loading=\"lazy\" title=\"Didgeridoo a CS\" width=\"500\" height=\"281\" src=\"https:\/\/www.youtube.com\/embed\/XwgxeKaJDwE?feature=oembed\" frameborder=\"0\" allow=\"accelerometer; autoplay; clipboard-write; encrypted-media; gyroscope; picture-in-picture; web-share\" referrerpolicy=\"strict-origin-when-cross-origin\" allowfullscreen><\/iframe><\/p>\n","protected":false},"excerpt":{"rendered":"<p>Bona tarda a tots i totes, despr\u00e9s de quasi 3 setmanes confinats a casa us volia enviar una salutaci\u00f3 simp\u00e0tica perqu\u00e8 no us oblideu que en aquesta situaci\u00f3 tan peculiar no esteu sols ni soles. Que tots els mestres estem, amb vosaltres i encara que&hellip;  <a href=\"https:\/\/agora.xtec.cat\/ceipfmacia-orrius\/ci\/salutacions-i-abracades-virtuals-i-musicals\/\" title=\"Read Salutacions i abra\u00e7ades virtuals i musicals\">Llegeix m\u00e9s\u00bb<\/a><\/p>\n","protected":false},"author":1,"featured_media":1425,"comment_status":"open","ping_status":"closed","sticky":false,"template":"","format":"standard","meta":{"_bbp_topic_count":0,"_bbp_reply_count":0,"_bbp_total_topic_count":0,"_bbp_total_reply_count":0,"_bbp_voice_count":0,"_bbp_anonymous_reply_count":0,"_bbp_topic_count_hidden":0,"_bbp_reply_count_hidden":0,"_bbp_forum_subforum_count":0,"footnotes":""},"categories":[10,5,60,61,12,13,70,14],"tags":[113,111,76,77,112,114],"class_list":["post-1422","post","type-post","status-publish","format-standard","has-post-thumbnail","hentry","category-anelles-olimpiques","category-ci","category-cm","category-cs","category-llops","category-mascotes-olimpiques","category-musica","category-porcs-senglars","tag-atencio-plena","tag-confinament","tag-expressio-corporal","tag-musica","tag-respiracio","tag-salutacio"],"post_mailing_queue_ids":[],"_links":{"self":[{"href":"https:\/\/agora.xtec.cat\/ceipfmacia-orrius\/wp-json\/wp\/v2\/posts\/1422","targetHints":{"allow":["GET"]}}],"collection":[{"href":"https:\/\/agora.xtec.cat\/ceipfmacia-orrius\/wp-json\/wp\/v2\/posts"}],"about":[{"href":"https:\/\/agora.xtec.cat\/ceipfmacia-orrius\/wp-json\/wp\/v2\/types\/post"}],"author":[{"embeddable":true,"href":"https:\/\/agora.xtec.cat\/ceipfmacia-orrius\/wp-json\/wp\/v2\/users\/1"}],"replies":[{"embeddable":true,"href":"https:\/\/agora.xtec.cat\/ceipfmacia-orrius\/wp-json\/wp\/v2\/comments?post=1422"}],"version-history":[{"count":3,"href":"https:\/\/agora.xtec.cat\/ceipfmacia-orrius\/wp-json\/wp\/v2\/posts\/1422\/revisions"}],"predecessor-version":[{"id":1426,"href":"https:\/\/agora.xtec.cat\/ceipfmacia-orrius\/wp-json\/wp\/v2\/posts\/1422\/revisions\/1426"}],"wp:featuredmedia":[{"embeddable":true,"href":"https:\/\/agora.xtec.cat\/ceipfmacia-orrius\/wp-json\/wp\/v2\/media\/1425"}],"wp:attachment":[{"href":"https:\/\/agora.xtec.cat\/ceipfmacia-orrius\/wp-json\/wp\/v2\/media?parent=1422"}],"wp:term":[{"taxonomy":"category","embeddable":true,"href":"https:\/\/agora.xtec.cat\/ceipfmacia-orrius\/wp-json\/wp\/v2\/categories?post=1422"},{"taxonomy":"post_tag","embeddable":true,"href":"https:\/\/agora.xtec.cat\/ceipfmacia-orrius\/wp-json\/wp\/v2\/tags?post=1422"}],"curies":[{"name":"wp","href":"https:\/\/api.w.org\/{rel}","templated":true}]}}