{"id":1415,"date":"2020-04-02T18:00:52","date_gmt":"2020-04-02T16:00:52","guid":{"rendered":"https:\/\/agora.xtec.cat\/ceipfmacia-orrius\/?p=1415"},"modified":"2020-09-10T08:14:47","modified_gmt":"2020-09-10T06:14:47","slug":"jo-tinc-5-pomes-a-la-butxaca","status":"publish","type":"post","link":"https:\/\/agora.xtec.cat\/ceipfmacia-orrius\/infantil\/jo-tinc-5-pomes-a-la-butxaca\/","title":{"rendered":"JO TINC 5 POMES  A LA BUTXACA"},"content":{"rendered":"<p style=\"text-align: justify;\">Bon dia! Fa dies que penso que hi ha una can\u00e7\u00f3 que em va ensenyar la meva filla, que a vegades hem fet a classe i que s\u00e9 que us agrada molt. La podeu cantar amb la fam\u00edlia! Us ajudar\u00e0 a comptar, segur! I la podeu practicar fins al n\u00famero 10, si voleu! O si teniu m\u00e9s dits o pomes, fins a m\u00e9s n\u00fameros. Ja sabeu quina \u00e9s, oi? Sentireu que al v\u00eddeo hi ha una mica de xivarri del carrer: avui fa vent i encara passen camions per la carretera! Per\u00f2 vull que us fixeu en un detall&#8230; a veure si endevineu en quin n\u00famero de pomes he fet una cosa que l\u2019havia d\u2019haver fet en un altre moment!<\/p>\n<p style=\"margin: 0cm; margin-bottom: .0001pt; text-align: center;\" align=\"center\">Jo tinc 5 pomes a la butxaca, les voldries, tu?<\/p>\n<p style=\"margin: 0cm; margin-bottom: .0001pt; text-align: center;\" align=\"center\">Jo tinc cinc pomes a la butxaca, les voldries tu?<\/p>\n<p style=\"margin: 0cm; margin-bottom: .0001pt; text-align: center;\" align=\"center\">Si sabessis com s\u00f3n de bones, si volguessis totes les pomes,<\/p>\n<p style=\"margin: 0cm; margin-bottom: .0001pt; text-align: center;\" align=\"center\">te les dono a tu, te les dono a tu!<\/p>\n<p><iframe loading=\"lazy\" title=\"VIDEO 2 CONFINAMENT MU\u0301SICA INFANTIL\" width=\"500\" height=\"281\" src=\"https:\/\/www.youtube.com\/embed\/2Hpr7CA9CnU?feature=oembed\" frameborder=\"0\" allow=\"accelerometer; autoplay; clipboard-write; encrypted-media; gyroscope; picture-in-picture; web-share\" referrerpolicy=\"strict-origin-when-cross-origin\" allowfullscreen><\/iframe><\/p>\n<p>&nbsp;<\/p>\n<p style=\"text-align: justify;\">Qu\u00e8? Ara que ja l\u2019heu escoltat i practicat, us atreviu a dibuixar o retallar i pintar aquestes pomes que us deixo i fer alguna proposta de cistell o caixa per posar-les dins i donar-les a alg\u00fa mentre canteu la can\u00e7\u00f3? A internet hi ha moltes opcions! O tamb\u00e9 us el podeu inventar vosaltres a la vostra manera i fer anar la imaginaci\u00f3!<\/p>\n<p><a href=\"https:\/\/agora.xtec.cat\/ceipfmacia-orrius\/wp-content\/uploads\/usu2067\/2020\/04\/pomes-retallar.pdf\">pomes retallar<\/a> <a href=\"https:\/\/agora.xtec.cat\/ceipfmacia-orrius\/wp-content\/uploads\/usu2067\/2020\/04\/cistells-i-caixes.pdf\">cistells i caixes<\/a><\/p>\n<p>&nbsp;<\/p>\n","protected":false},"excerpt":{"rendered":"<p>Bon dia! Fa dies que penso que hi ha una can\u00e7\u00f3 que em va ensenyar la meva filla, que a vegades hem fet a classe i que s\u00e9 que us agrada molt. La podeu cantar amb la fam\u00edlia! Us ajudar\u00e0 a comptar, segur! I la&hellip;  <a href=\"https:\/\/agora.xtec.cat\/ceipfmacia-orrius\/infantil\/jo-tinc-5-pomes-a-la-butxaca\/\" title=\"Read JO TINC 5 POMES  A LA BUTXACA\">Llegeix m\u00e9s\u00bb<\/a><\/p>\n","protected":false},"author":13,"featured_media":1431,"comment_status":"open","ping_status":"closed","sticky":false,"template":"","format":"standard","meta":{"_bbp_topic_count":0,"_bbp_reply_count":0,"_bbp_total_topic_count":0,"_bbp_total_reply_count":0,"_bbp_voice_count":0,"_bbp_anonymous_reply_count":0,"_bbp_topic_count_hidden":0,"_bbp_reply_count_hidden":0,"_bbp_forum_subforum_count":0,"footnotes":""},"categories":[2,70],"tags":[],"class_list":["post-1415","post","type-post","status-publish","format-standard","has-post-thumbnail","hentry","category-infantil","category-musica"],"post_mailing_queue_ids":[],"_links":{"self":[{"href":"https:\/\/agora.xtec.cat\/ceipfmacia-orrius\/wp-json\/wp\/v2\/posts\/1415","targetHints":{"allow":["GET"]}}],"collection":[{"href":"https:\/\/agora.xtec.cat\/ceipfmacia-orrius\/wp-json\/wp\/v2\/posts"}],"about":[{"href":"https:\/\/agora.xtec.cat\/ceipfmacia-orrius\/wp-json\/wp\/v2\/types\/post"}],"author":[{"embeddable":true,"href":"https:\/\/agora.xtec.cat\/ceipfmacia-orrius\/wp-json\/wp\/v2\/users\/13"}],"replies":[{"embeddable":true,"href":"https:\/\/agora.xtec.cat\/ceipfmacia-orrius\/wp-json\/wp\/v2\/comments?post=1415"}],"version-history":[{"count":4,"href":"https:\/\/agora.xtec.cat\/ceipfmacia-orrius\/wp-json\/wp\/v2\/posts\/1415\/revisions"}],"predecessor-version":[{"id":1930,"href":"https:\/\/agora.xtec.cat\/ceipfmacia-orrius\/wp-json\/wp\/v2\/posts\/1415\/revisions\/1930"}],"wp:featuredmedia":[{"embeddable":true,"href":"https:\/\/agora.xtec.cat\/ceipfmacia-orrius\/wp-json\/wp\/v2\/media\/1431"}],"wp:attachment":[{"href":"https:\/\/agora.xtec.cat\/ceipfmacia-orrius\/wp-json\/wp\/v2\/media?parent=1415"}],"wp:term":[{"taxonomy":"category","embeddable":true,"href":"https:\/\/agora.xtec.cat\/ceipfmacia-orrius\/wp-json\/wp\/v2\/categories?post=1415"},{"taxonomy":"post_tag","embeddable":true,"href":"https:\/\/agora.xtec.cat\/ceipfmacia-orrius\/wp-json\/wp\/v2\/tags?post=1415"}],"curies":[{"name":"wp","href":"https:\/\/api.w.org\/{rel}","templated":true}]}}