{"id":1402,"date":"2020-03-24T18:11:20","date_gmt":"2020-03-24T17:11:20","guid":{"rendered":"https:\/\/agora.xtec.cat\/ceipfmacia-orrius\/?p=1402"},"modified":"2020-03-31T18:13:03","modified_gmt":"2020-03-31T16:13:03","slug":"protagonista-en-roger","status":"publish","type":"post","link":"https:\/\/agora.xtec.cat\/ceipfmacia-orrius\/infantil\/protagonista-en-roger\/","title":{"rendered":"PROTAGONISTA: EN ROGER!"},"content":{"rendered":"<p>La setmana del 3 al 9 de febrer el nostre Protagonista va ser en Roger de P3! Dilluns ens va portar la seva caixa dels tresors i la va compartir amb tots nosaltres al seu rac\u00f3, on li feien companyia unes orenetes molt simp\u00e0tiques! Al Roger li encanten els herois com en Batman, Spiderman i en Hulk!! Divendres els seus pares, la Roser i en Pau, varen venir a l&#8217;escola per passar la tarda amb nosaltres! Amb la Roser i el Pau v\u00e0rem veure un muntatge de fotos del Roger i  ens v\u00e0rem fer unes m\u00e0scares molt xules dels herois preferits del Roger. Per acabar la tarda, la Roser ens va ensenyar una coreografia que vam ballar tots mentre sonava la can\u00e7\u00f3 &#8220;Madre Tierra&#8221;.Moltes gr\u00e0cies pares, ens ho hem passat molt b\u00e9! <\/p>\n<p><object width=\"640\" height=\"360\"><param name=\"movie\" value=\"https:\/\/app.kizoa.pl\/i-Contact\/sflite.swf?did=315728261&#038;k=P1027807453&#038;hk=1&#038;loop=1\"><\/param><param name=\"wmode\" value=\"transparent\"><\/param><param name=\"allowFullScreen\" value=\"true\"><\/param><embed src=\"https:\/\/app.kizoa.pl\/i-Contact\/sflite.swf?did=315728261&#038;k=P1027807453&#038;hk=1&#038;loop=1\" type=\"application\/x-shockwave-flash\" wmode=\"transparent\" width=\"640\" height=\"360\" allowFullScreen=\"true\"><\/embed><\/object><\/p>\n<p><a href=\"http:\/\/www.kizoa.es\/Editar-V\u00eddeos-Movie-Maker\/d315728261kP1027807453o2l1\/2019-20-roger-protagonista\" rel=\"noopener noreferrer\" target=\"_blank\">V\u00eddeo Protagonista Roger per a m\u00f2bils i tablet.Cliqueu aqu\u00ed.<\/a><\/p>\n","protected":false},"excerpt":{"rendered":"<p>La setmana del 3 al 9 de febrer el nostre Protagonista va ser en Roger de P3! Dilluns ens va portar la seva caixa dels tresors i la va compartir amb tots nosaltres al seu rac\u00f3, on li feien companyia unes orenetes molt simp\u00e0tiques! Al&hellip;  <a href=\"https:\/\/agora.xtec.cat\/ceipfmacia-orrius\/infantil\/protagonista-en-roger\/\" title=\"Read PROTAGONISTA: EN ROGER!\">Llegeix m\u00e9s\u00bb<\/a><\/p>\n","protected":false},"author":17,"featured_media":0,"comment_status":"open","ping_status":"closed","sticky":false,"template":"","format":"standard","meta":{"_bbp_topic_count":0,"_bbp_reply_count":0,"_bbp_total_topic_count":0,"_bbp_total_reply_count":0,"_bbp_voice_count":0,"_bbp_anonymous_reply_count":0,"_bbp_topic_count_hidden":0,"_bbp_reply_count_hidden":0,"_bbp_forum_subforum_count":0,"footnotes":""},"categories":[2,3],"tags":[],"class_list":["post-1402","post","type-post","status-publish","format-standard","hentry","category-infantil","category-maons"],"post_mailing_queue_ids":[],"_links":{"self":[{"href":"https:\/\/agora.xtec.cat\/ceipfmacia-orrius\/wp-json\/wp\/v2\/posts\/1402","targetHints":{"allow":["GET"]}}],"collection":[{"href":"https:\/\/agora.xtec.cat\/ceipfmacia-orrius\/wp-json\/wp\/v2\/posts"}],"about":[{"href":"https:\/\/agora.xtec.cat\/ceipfmacia-orrius\/wp-json\/wp\/v2\/types\/post"}],"author":[{"embeddable":true,"href":"https:\/\/agora.xtec.cat\/ceipfmacia-orrius\/wp-json\/wp\/v2\/users\/17"}],"replies":[{"embeddable":true,"href":"https:\/\/agora.xtec.cat\/ceipfmacia-orrius\/wp-json\/wp\/v2\/comments?post=1402"}],"version-history":[{"count":3,"href":"https:\/\/agora.xtec.cat\/ceipfmacia-orrius\/wp-json\/wp\/v2\/posts\/1402\/revisions"}],"predecessor-version":[{"id":1410,"href":"https:\/\/agora.xtec.cat\/ceipfmacia-orrius\/wp-json\/wp\/v2\/posts\/1402\/revisions\/1410"}],"wp:attachment":[{"href":"https:\/\/agora.xtec.cat\/ceipfmacia-orrius\/wp-json\/wp\/v2\/media?parent=1402"}],"wp:term":[{"taxonomy":"category","embeddable":true,"href":"https:\/\/agora.xtec.cat\/ceipfmacia-orrius\/wp-json\/wp\/v2\/categories?post=1402"},{"taxonomy":"post_tag","embeddable":true,"href":"https:\/\/agora.xtec.cat\/ceipfmacia-orrius\/wp-json\/wp\/v2\/tags?post=1402"}],"curies":[{"name":"wp","href":"https:\/\/api.w.org\/{rel}","templated":true}]}}