{"id":1384,"date":"2020-03-05T18:00:17","date_gmt":"2020-03-05T17:00:17","guid":{"rendered":"https:\/\/agora.xtec.cat\/ceipfmacia-orrius\/?p=1384"},"modified":"2020-04-17T19:33:19","modified_gmt":"2020-04-17T17:33:19","slug":"una-sardina-de-llauna","status":"publish","type":"post","link":"https:\/\/agora.xtec.cat\/ceipfmacia-orrius\/infantil\/una-sardina-de-llauna\/","title":{"rendered":"UNA SARDINA DE LLAUNA"},"content":{"rendered":"<p><iframe loading=\"lazy\" title=\"Sardina de llauna\" width=\"500\" height=\"375\" src=\"https:\/\/www.youtube.com\/embed\/ry5NQWzUVHs?feature=oembed\" frameborder=\"0\" allow=\"accelerometer; autoplay; clipboard-write; encrypted-media; gyroscope; picture-in-picture; web-share\" referrerpolicy=\"strict-origin-when-cross-origin\" allowfullscreen><\/iframe><\/p>\n<p>Aprofitant el dia de \u201cla sardina\u201d vam fer l\u2019audici\u00f3 d\u2019 \u201cUna sardina de llauna\u201d del \u201ccor infantil dels amics de la uni\u00f3 i Josep Vila i Jover\u201d, de l\u2019 \u00e0lbum \u201cun barret de can\u00e7ons\u201d. Primer, en rotllana, vam ajuntar la nostra m\u00e0 dreta i l\u2019esquerra, fent el moviment de la sardina amb els bra\u00e7os, i segons com sent\u00edem les melodies en relaci\u00f3 a les seves al\u00e7ades i ritmes, les al\u00e7\u00e0vem, les baix\u00e0vem o les manten\u00edem. Vam descobrir que aquesta m\u00fasica no tenia cap m\u00e9s instrument que les veus humanes (algunes m\u00e9s agudes i algunes m\u00e9s greus). Tamb\u00e9 vam ballar la m\u00fasica mentre imit\u00e0vem el moviment de la sardina d\u2019algun company i en cant\u00e0vem una estrofa. Un cop integrada, vam dibuixar diferents camins que feien les sardines per saltar d\u2019un prestatge a un altre, segons el que ens transmetien algunes parts de l\u2019obra: rapidesa, lentitud, moviment lligat, picat, agut, greu&#8230; (alguns dibuixaven lla\u00e7os, d\u2019altres, ones, ratlles, punts&#8230;). I una de les parts m\u00e9s divertides va ser el joc de les sardines: quan parava la m\u00fasica de \u201cuna sardina de llauna\u201d, ens ajunt\u00e0vem per grups de llaunes de sardines, estirats a terra. I aix\u00ed&#8230;aprofit\u00e0vem per fer una mica de matem\u00e0tiques!<br \/>\nEns sap greu, per\u00f2 no en tenim fotografies!<\/p>\n<p><a href=\"https:\/\/agora.xtec.cat\/ceipfmacia-orrius\/wp-content\/uploads\/usu2067\/2020\/03\/una-sardina-de-llauna-fitxa-feta.pdf\">una sardina de llauna-fitxa feta<\/a><\/p>\n","protected":false},"excerpt":{"rendered":"<p>Aprofitant el dia de \u201cla sardina\u201d vam fer l\u2019audici\u00f3 d\u2019 \u201cUna sardina de llauna\u201d del \u201ccor infantil dels amics de la uni\u00f3 i Josep Vila i Jover\u201d, de l\u2019 \u00e0lbum \u201cun barret de can\u00e7ons\u201d. Primer, en rotllana, vam ajuntar la nostra m\u00e0 dreta i l\u2019esquerra,&hellip;  <a href=\"https:\/\/agora.xtec.cat\/ceipfmacia-orrius\/infantil\/una-sardina-de-llauna\/\" title=\"Read UNA SARDINA DE LLAUNA\">Llegeix m\u00e9s\u00bb<\/a><\/p>\n","protected":false},"author":13,"featured_media":1522,"comment_status":"open","ping_status":"closed","sticky":false,"template":"","format":"standard","meta":{"_bbp_topic_count":0,"_bbp_reply_count":0,"_bbp_total_topic_count":0,"_bbp_total_reply_count":0,"_bbp_voice_count":0,"_bbp_anonymous_reply_count":0,"_bbp_topic_count_hidden":0,"_bbp_reply_count_hidden":0,"_bbp_forum_subforum_count":0,"footnotes":""},"categories":[2,70],"tags":[],"class_list":["post-1384","post","type-post","status-publish","format-standard","has-post-thumbnail","hentry","category-infantil","category-musica"],"post_mailing_queue_ids":[],"_links":{"self":[{"href":"https:\/\/agora.xtec.cat\/ceipfmacia-orrius\/wp-json\/wp\/v2\/posts\/1384","targetHints":{"allow":["GET"]}}],"collection":[{"href":"https:\/\/agora.xtec.cat\/ceipfmacia-orrius\/wp-json\/wp\/v2\/posts"}],"about":[{"href":"https:\/\/agora.xtec.cat\/ceipfmacia-orrius\/wp-json\/wp\/v2\/types\/post"}],"author":[{"embeddable":true,"href":"https:\/\/agora.xtec.cat\/ceipfmacia-orrius\/wp-json\/wp\/v2\/users\/13"}],"replies":[{"embeddable":true,"href":"https:\/\/agora.xtec.cat\/ceipfmacia-orrius\/wp-json\/wp\/v2\/comments?post=1384"}],"version-history":[{"count":3,"href":"https:\/\/agora.xtec.cat\/ceipfmacia-orrius\/wp-json\/wp\/v2\/posts\/1384\/revisions"}],"predecessor-version":[{"id":1390,"href":"https:\/\/agora.xtec.cat\/ceipfmacia-orrius\/wp-json\/wp\/v2\/posts\/1384\/revisions\/1390"}],"wp:featuredmedia":[{"embeddable":true,"href":"https:\/\/agora.xtec.cat\/ceipfmacia-orrius\/wp-json\/wp\/v2\/media\/1522"}],"wp:attachment":[{"href":"https:\/\/agora.xtec.cat\/ceipfmacia-orrius\/wp-json\/wp\/v2\/media?parent=1384"}],"wp:term":[{"taxonomy":"category","embeddable":true,"href":"https:\/\/agora.xtec.cat\/ceipfmacia-orrius\/wp-json\/wp\/v2\/categories?post=1384"},{"taxonomy":"post_tag","embeddable":true,"href":"https:\/\/agora.xtec.cat\/ceipfmacia-orrius\/wp-json\/wp\/v2\/tags?post=1384"}],"curies":[{"name":"wp","href":"https:\/\/api.w.org\/{rel}","templated":true}]}}