{"id":1356,"date":"2020-03-27T17:27:56","date_gmt":"2020-03-27T16:27:56","guid":{"rendered":"https:\/\/agora.xtec.cat\/ceipfmacia-orrius\/?p=1356"},"modified":"2020-03-27T17:27:56","modified_gmt":"2020-03-27T16:27:56","slug":"under-lockdown","status":"publish","type":"post","link":"https:\/\/agora.xtec.cat\/ceipfmacia-orrius\/cs\/porcs-senglars\/under-lockdown\/","title":{"rendered":"UNDER LOCKDOWN"},"content":{"rendered":"<p>These are sad days&#8230;We are in lockdown and it&#8217;s been two weeks since we had to close the school and stay at home. We&#8217;ll have to stay at home also for the two upcoming weeks but we&#8217;ll get through this situation! We must be strong and positive and it&#8217;s good to keep a routine and also to feel our friends near us. You can use this post to write your comments about how you&#8217;re feeling and what is the thing that you are missing the most. Also it would be great to know your thoughts of the different kind of activities that we have been doing, such as the Kahoot Challenge, the Interactive activities&#8230;Which ones did you like the most?<\/p>\n<p>&#8230;<\/p>\n<p><em>Son uns dies tristos&#8230;Estem confinats i ja fa dues setmanes des que vam haver de tancar l&#8217;escola per quedar-nos a casa. Encara hi haurem d&#8217;estar unes dues setmanes m\u00e9s, per\u00f2 ens en sortirem! Hem de ser forts i positius i \u00e9s bo mantenir una rutina i sentir que tenim els amics a prop nostre. Podeu fer servir aquest post per a escriure comentaris sobre com us sentiu i qu\u00e8 \u00e9s el que m\u00e9s trobeu a faltar. Tamb\u00e9 estaria b\u00e9 saber qu\u00e8 en penseu dels diferents tipus d&#8217;activitats que hem estat fent des del Google Classroom, com el Kahoot Challenge, les activitats interactives&#8230;Quines us han agradat m\u00e9s?<\/em><\/p>\n<p><a href=\"https:\/\/agora.xtec.cat\/ceipfmacia-orrius\/wp-content\/uploads\/usu2067\/2020\/03\/POSTER-LOCKDOWN.jpg\"><img loading=\"lazy\" decoding=\"async\" class=\" wp-image-1360 aligncenter\" src=\"https:\/\/agora.xtec.cat\/ceipfmacia-orrius\/wp-content\/uploads\/usu2067\/2020\/03\/POSTER-LOCKDOWN-264x300.jpg\" alt=\"\" width=\"337\" height=\"385\" \/><\/a><\/p>\n","protected":false},"excerpt":{"rendered":"<p>These are sad days&#8230;We are in lockdown and it&#8217;s been two weeks since we had to close the school and stay at home. We&#8217;ll have to stay at home also for the two upcoming weeks but we&#8217;ll get through this situation! We must be strong&hellip;  <a href=\"https:\/\/agora.xtec.cat\/ceipfmacia-orrius\/cs\/porcs-senglars\/under-lockdown\/\" title=\"Read UNDER LOCKDOWN\">Llegeix m\u00e9s\u00bb<\/a><\/p>\n","protected":false},"author":8,"featured_media":1360,"comment_status":"open","ping_status":"closed","sticky":false,"template":"","format":"standard","meta":{"_bbp_topic_count":0,"_bbp_reply_count":0,"_bbp_total_topic_count":0,"_bbp_total_reply_count":0,"_bbp_voice_count":0,"_bbp_anonymous_reply_count":0,"_bbp_topic_count_hidden":0,"_bbp_reply_count_hidden":0,"_bbp_forum_subforum_count":0,"footnotes":""},"categories":[69,14],"tags":[],"class_list":["post-1356","post","type-post","status-publish","format-standard","has-post-thumbnail","hentry","category-angles","category-porcs-senglars"],"post_mailing_queue_ids":[],"_links":{"self":[{"href":"https:\/\/agora.xtec.cat\/ceipfmacia-orrius\/wp-json\/wp\/v2\/posts\/1356","targetHints":{"allow":["GET"]}}],"collection":[{"href":"https:\/\/agora.xtec.cat\/ceipfmacia-orrius\/wp-json\/wp\/v2\/posts"}],"about":[{"href":"https:\/\/agora.xtec.cat\/ceipfmacia-orrius\/wp-json\/wp\/v2\/types\/post"}],"author":[{"embeddable":true,"href":"https:\/\/agora.xtec.cat\/ceipfmacia-orrius\/wp-json\/wp\/v2\/users\/8"}],"replies":[{"embeddable":true,"href":"https:\/\/agora.xtec.cat\/ceipfmacia-orrius\/wp-json\/wp\/v2\/comments?post=1356"}],"version-history":[{"count":1,"href":"https:\/\/agora.xtec.cat\/ceipfmacia-orrius\/wp-json\/wp\/v2\/posts\/1356\/revisions"}],"predecessor-version":[{"id":1361,"href":"https:\/\/agora.xtec.cat\/ceipfmacia-orrius\/wp-json\/wp\/v2\/posts\/1356\/revisions\/1361"}],"wp:featuredmedia":[{"embeddable":true,"href":"https:\/\/agora.xtec.cat\/ceipfmacia-orrius\/wp-json\/wp\/v2\/media\/1360"}],"wp:attachment":[{"href":"https:\/\/agora.xtec.cat\/ceipfmacia-orrius\/wp-json\/wp\/v2\/media?parent=1356"}],"wp:term":[{"taxonomy":"category","embeddable":true,"href":"https:\/\/agora.xtec.cat\/ceipfmacia-orrius\/wp-json\/wp\/v2\/categories?post=1356"},{"taxonomy":"post_tag","embeddable":true,"href":"https:\/\/agora.xtec.cat\/ceipfmacia-orrius\/wp-json\/wp\/v2\/tags?post=1356"}],"curies":[{"name":"wp","href":"https:\/\/api.w.org\/{rel}","templated":true}]}}