{"id":1351,"date":"2020-03-27T11:53:12","date_gmt":"2020-03-27T10:53:12","guid":{"rendered":"https:\/\/agora.xtec.cat\/ceipfmacia-orrius\/?p=1351"},"modified":"2020-03-27T15:36:07","modified_gmt":"2020-03-27T14:36:07","slug":"salutacio-des-de-musica-confinada-pels-dinfantil","status":"publish","type":"post","link":"https:\/\/agora.xtec.cat\/ceipfmacia-orrius\/infantil\/salutacio-des-de-musica-confinada-pels-dinfantil\/","title":{"rendered":"Salutaci\u00f3 des de &#8220;m\u00fasica confinada pels d&#8217;infantil&#8221;!"},"content":{"rendered":"<p>Hola a tothom i totdon! Volia fer una salutaci\u00f3 una mica propera a les classes de m\u00fasica. Per\u00f2 ja us podeu imaginar, que mai s&#8217;acostar\u00e0 a la meitat del que fem i rebem en les nostres classes habituals, i m\u00e9s amb els &#8220;intr\u00edngulis&#8221; que tinc jo amb les noves tecnologies! M&#8217;ha costat una mica de fer, no us dir\u00e9 que no! Espero que estigueu totes i tots molt b\u00e9, i que gaudiu del v\u00eddeo. Us explico un secret&#8230;volia gravar-lo al pati, per\u00f2 la ve\u00efna pul\u00b7lulava per all\u00e0, i m&#8217;ha fet moooolta vergonya! Hihi&#8230;Dins de casa hi tenia la filla cantant, i el pare fent una reuni\u00f3 per &#8220;videoxat&#8221;. Aix\u00ed que me n&#8217;he hagut d&#8217;anar a l&#8217;habitaci\u00f3 de baix on hi tenim mooolta m\u00fasica per\u00f2 poca llum! Tot i ser un v\u00eddeo una mica fosquet, ja us dic que hi ha llum per a tots vosaltres (jo l&#8217;he vist)! Au&#8230; fins aviat!<\/p>\n<p><iframe loading=\"lazy\" title=\"V\u00cdDEO M\u00daSICA INFANTIL 1\" width=\"500\" height=\"281\" src=\"https:\/\/www.youtube.com\/embed\/KB51KDS-HT0?feature=oembed\" frameborder=\"0\" allow=\"accelerometer; autoplay; clipboard-write; encrypted-media; gyroscope; picture-in-picture; web-share\" referrerpolicy=\"strict-origin-when-cross-origin\" allowfullscreen><\/iframe><\/p>\n<p>&#8220;Quina vergonyaaaa!&#8221;<\/p>\n","protected":false},"excerpt":{"rendered":"<p>Hola a tothom i totdon! Volia fer una salutaci\u00f3 una mica propera a les classes de m\u00fasica. Per\u00f2 ja us podeu imaginar, que mai s&#8217;acostar\u00e0 a la meitat del que fem i rebem en les nostres classes habituals, i m\u00e9s amb els &#8220;intr\u00edngulis&#8221; que tinc&hellip;  <a href=\"https:\/\/agora.xtec.cat\/ceipfmacia-orrius\/infantil\/salutacio-des-de-musica-confinada-pels-dinfantil\/\" title=\"Read Salutaci\u00f3 des de &#8220;m\u00fasica confinada pels d&#8217;infantil&#8221;!\">Llegeix m\u00e9s\u00bb<\/a><\/p>\n","protected":false},"author":13,"featured_media":1355,"comment_status":"open","ping_status":"closed","sticky":false,"template":"","format":"standard","meta":{"_bbp_topic_count":0,"_bbp_reply_count":0,"_bbp_total_topic_count":0,"_bbp_total_reply_count":0,"_bbp_voice_count":0,"_bbp_anonymous_reply_count":0,"_bbp_topic_count_hidden":0,"_bbp_reply_count_hidden":0,"_bbp_forum_subforum_count":0,"footnotes":""},"categories":[2,3,8,70],"tags":[],"class_list":["post-1351","post","type-post","status-publish","format-standard","has-post-thumbnail","hentry","category-infantil","category-maons","category-aquatics-infantil","category-musica"],"post_mailing_queue_ids":[],"_links":{"self":[{"href":"https:\/\/agora.xtec.cat\/ceipfmacia-orrius\/wp-json\/wp\/v2\/posts\/1351","targetHints":{"allow":["GET"]}}],"collection":[{"href":"https:\/\/agora.xtec.cat\/ceipfmacia-orrius\/wp-json\/wp\/v2\/posts"}],"about":[{"href":"https:\/\/agora.xtec.cat\/ceipfmacia-orrius\/wp-json\/wp\/v2\/types\/post"}],"author":[{"embeddable":true,"href":"https:\/\/agora.xtec.cat\/ceipfmacia-orrius\/wp-json\/wp\/v2\/users\/13"}],"replies":[{"embeddable":true,"href":"https:\/\/agora.xtec.cat\/ceipfmacia-orrius\/wp-json\/wp\/v2\/comments?post=1351"}],"version-history":[{"count":3,"href":"https:\/\/agora.xtec.cat\/ceipfmacia-orrius\/wp-json\/wp\/v2\/posts\/1351\/revisions"}],"predecessor-version":[{"id":1354,"href":"https:\/\/agora.xtec.cat\/ceipfmacia-orrius\/wp-json\/wp\/v2\/posts\/1351\/revisions\/1354"}],"wp:featuredmedia":[{"embeddable":true,"href":"https:\/\/agora.xtec.cat\/ceipfmacia-orrius\/wp-json\/wp\/v2\/media\/1355"}],"wp:attachment":[{"href":"https:\/\/agora.xtec.cat\/ceipfmacia-orrius\/wp-json\/wp\/v2\/media?parent=1351"}],"wp:term":[{"taxonomy":"category","embeddable":true,"href":"https:\/\/agora.xtec.cat\/ceipfmacia-orrius\/wp-json\/wp\/v2\/categories?post=1351"},{"taxonomy":"post_tag","embeddable":true,"href":"https:\/\/agora.xtec.cat\/ceipfmacia-orrius\/wp-json\/wp\/v2\/tags?post=1351"}],"curies":[{"name":"wp","href":"https:\/\/api.w.org\/{rel}","templated":true}]}}