{"id":1341,"date":"2020-02-07T12:11:02","date_gmt":"2020-02-07T11:11:02","guid":{"rendered":"https:\/\/agora.xtec.cat\/ceipfmacia-orrius\/?p=1341"},"modified":"2020-03-26T12:24:02","modified_gmt":"2020-03-26T11:24:02","slug":"original-masks","status":"publish","type":"post","link":"https:\/\/agora.xtec.cat\/ceipfmacia-orrius\/cs\/porcs-senglars\/original-masks\/","title":{"rendered":"ORIGINAL MASKS"},"content":{"rendered":"<p><span style=\"font-weight: 400;\">This is an example of an art class. Here we were getting ready for carnival. <\/span><span style=\"font-weight: 400;\">In \u201ccicle superior\u201d, Art classes are in English and there are two teachers in the classroom.<\/span><\/p>\n<p><span style=\"font-weight: 400;\">For this session, the teachers prepared all the material, mostly recycled and reused one. Students had to create different, original masks. <\/span><span style=\"font-weight: 400;\">The teachers also came up with a single proposal: They had to think on how they could add their hands to their masks.<\/span><\/p>\n<p><span style=\"font-weight: 400;\">Maybe the hands could be the hair, or a beard, or a crown, or why not the ears?<\/span><\/p>\n<p><span style=\"font-weight: 400;\">It&#8217;s all about imagination!<\/span><\/p>\n<p>&#8230;<\/p>\n<p><em><span style=\"font-weight: 400;\">Aquest \u00e9s un exemple de classe d&#8217;art. Aqu\u00ed ho est\u00e0vem preparant tot per carnaval. A Cicle Superior, les classes d&#8217;art s\u00f3n en angl\u00e8s i hi ha dues mestres a classe (l&#8217;especialista d&#8217;art i l&#8217;especialista d&#8217;angl\u00e8s). <\/span><\/em><\/p>\n<p><em><span style=\"font-weight: 400;\">Per a aquesta sessi\u00f3, les mestres van preparar tot el material, b\u00e0sicament reciclat o reutilitzat. Els alumnes havien de crear m\u00e0scares originals i diferents. Tamb\u00e9 hi havia la proposta que pensessin de quina manera inclourien les seves mans a la m\u00e0scara. Potser podrien ser el cabell, o una barba, o un pallasso&#8230;o per qu\u00e8 no, unes orelles?<\/span><\/em><\/p>\n<p><em><span style=\"font-weight: 400;\">Imaginaci\u00f3 al poder!<\/span><\/em><\/p>\n<p><em><span style=\"font-weight: 400;\">I tu, quina idea faries per introduir les teves mans a una m\u00e0scara?<\/span><\/em><\/p>\n<p style=\"text-align: center;\"><span style=\"text-decoration: underline;\"><strong>FES CLIC A LA IMATGE PER A ACCEDIR A LA GALERIA DE FOTOS<\/strong><\/span><\/p>\n<p><a href=\"https:\/\/photos.app.goo.gl\/s2p1FXwJoZnZhnHp7\"><img loading=\"lazy\" decoding=\"async\" class=\"wp-image-1342 aligncenter\" src=\"https:\/\/agora.xtec.cat\/ceipfmacia-orrius\/wp-content\/uploads\/usu2067\/2020\/03\/portada-original-masks-1024x766.jpg\" alt=\"\" width=\"529\" height=\"395\" srcset=\"https:\/\/agora.xtec.cat\/ceipfmacia-orrius\/wp-content\/uploads\/usu2067\/2020\/03\/portada-original-masks-1024x766.jpg 1024w, https:\/\/agora.xtec.cat\/ceipfmacia-orrius\/wp-content\/uploads\/usu2067\/2020\/03\/portada-original-masks-300x224.jpg 300w, https:\/\/agora.xtec.cat\/ceipfmacia-orrius\/wp-content\/uploads\/usu2067\/2020\/03\/portada-original-masks-768x574.jpg 768w, https:\/\/agora.xtec.cat\/ceipfmacia-orrius\/wp-content\/uploads\/usu2067\/2020\/03\/portada-original-masks-200x150.jpg 200w\" sizes=\"auto, (max-width: 529px) 100vw, 529px\" \/><\/a><\/p>\n","protected":false},"excerpt":{"rendered":"<p>This is an example of an art class. Here we were getting ready for carnival. In \u201ccicle superior\u201d, Art classes are in English and there are two teachers in the classroom.<br \/>\nFor this session, the teachers prepared all the material, mostly recycled and reused one. Students&hellip;  <a href=\"https:\/\/agora.xtec.cat\/ceipfmacia-orrius\/cs\/porcs-senglars\/original-masks\/\" title=\"Read ORIGINAL MASKS\">Llegeix m\u00e9s\u00bb<\/a><\/p>\n","protected":false},"author":5,"featured_media":1342,"comment_status":"open","ping_status":"closed","sticky":false,"template":"","format":"standard","meta":{"_bbp_topic_count":0,"_bbp_reply_count":0,"_bbp_total_topic_count":0,"_bbp_total_reply_count":0,"_bbp_voice_count":0,"_bbp_anonymous_reply_count":0,"_bbp_topic_count_hidden":0,"_bbp_reply_count_hidden":0,"_bbp_forum_subforum_count":0,"footnotes":""},"categories":[73,14],"tags":[87,108],"class_list":["post-1341","post","type-post","status-publish","format-standard","has-post-thumbnail","hentry","category-art","category-porcs-senglars","tag-art","tag-carnaval"],"post_mailing_queue_ids":[],"_links":{"self":[{"href":"https:\/\/agora.xtec.cat\/ceipfmacia-orrius\/wp-json\/wp\/v2\/posts\/1341","targetHints":{"allow":["GET"]}}],"collection":[{"href":"https:\/\/agora.xtec.cat\/ceipfmacia-orrius\/wp-json\/wp\/v2\/posts"}],"about":[{"href":"https:\/\/agora.xtec.cat\/ceipfmacia-orrius\/wp-json\/wp\/v2\/types\/post"}],"author":[{"embeddable":true,"href":"https:\/\/agora.xtec.cat\/ceipfmacia-orrius\/wp-json\/wp\/v2\/users\/5"}],"replies":[{"embeddable":true,"href":"https:\/\/agora.xtec.cat\/ceipfmacia-orrius\/wp-json\/wp\/v2\/comments?post=1341"}],"version-history":[{"count":1,"href":"https:\/\/agora.xtec.cat\/ceipfmacia-orrius\/wp-json\/wp\/v2\/posts\/1341\/revisions"}],"predecessor-version":[{"id":1343,"href":"https:\/\/agora.xtec.cat\/ceipfmacia-orrius\/wp-json\/wp\/v2\/posts\/1341\/revisions\/1343"}],"wp:featuredmedia":[{"embeddable":true,"href":"https:\/\/agora.xtec.cat\/ceipfmacia-orrius\/wp-json\/wp\/v2\/media\/1342"}],"wp:attachment":[{"href":"https:\/\/agora.xtec.cat\/ceipfmacia-orrius\/wp-json\/wp\/v2\/media?parent=1341"}],"wp:term":[{"taxonomy":"category","embeddable":true,"href":"https:\/\/agora.xtec.cat\/ceipfmacia-orrius\/wp-json\/wp\/v2\/categories?post=1341"},{"taxonomy":"post_tag","embeddable":true,"href":"https:\/\/agora.xtec.cat\/ceipfmacia-orrius\/wp-json\/wp\/v2\/tags?post=1341"}],"curies":[{"name":"wp","href":"https:\/\/api.w.org\/{rel}","templated":true}]}}