{"id":1337,"date":"2020-02-27T12:00:07","date_gmt":"2020-02-27T11:00:07","guid":{"rendered":"https:\/\/agora.xtec.cat\/ceipfmacia-orrius\/?p=1337"},"modified":"2020-03-26T12:09:39","modified_gmt":"2020-03-26T11:09:39","slug":"descobrim-els-colors","status":"publish","type":"post","link":"https:\/\/agora.xtec.cat\/ceipfmacia-orrius\/cm\/llops\/descobrim-els-colors\/","title":{"rendered":"DESCOBRIM ELS COLORS"},"content":{"rendered":"<p><span style=\"font-weight: 400;\">Avui, la classe d\u2019art de cicle mitj\u00e0 ha estat ben sorprenent, una bona barreja d\u2019experimentaci\u00f3, m\u00e0gia i color.\u00a0<\/span><\/p>\n<p><span style=\"font-weight: 400;\">Els Minions i les Mafaldes, junts, a la classe de les Mafaldes, hem estat espectadors d\u2019un experiment que ens ha encantat, els mestres s\u2019han convertit en bruixots i han comen\u00e7at a fer barreges, seran pocions???\u00a0<\/span><\/p>\n<p><span style=\"font-weight: 400;\">No!, han creat la roda crom\u00e0tica!<\/span><\/p>\n<p><span style=\"font-weight: 400;\">En primer lloc, ens han explicat que hi ha uns colors que es diuen primaris, aquests s\u00f3n el <\/span><span style=\"font-weight: 400;\">MAGENTA<\/span><span style=\"font-weight: 400;\">, el <\/span><span style=\"font-weight: 400;\">CIAN<\/span><span style=\"font-weight: 400;\"> i el <\/span><span style=\"font-weight: 400;\">GROC<\/span><span style=\"font-weight: 400;\">. Aquests colors es diuen primaris perqu\u00e8 no els podem aconseguir amb la barreja de cap altre color. Amb aquests tres colors, ja podem crear els altres colors a partir de la seva barreja. Parlarem de colors secundaris si barregem dos colors primaris i de colors terciaris, si barregem un color primari amb un de secundari.<\/span><\/p>\n<p><span style=\"font-weight: 400;\">Observeu el resultat de l\u2019experiment:<\/span><\/p>\n<p><a href=\"https:\/\/agora.xtec.cat\/ceipfmacia-orrius\/wp-content\/uploads\/usu2067\/2020\/03\/foto-experiment-art.jpg\"><img loading=\"lazy\" decoding=\"async\" class=\"wp-image-1338 aligncenter\" src=\"https:\/\/agora.xtec.cat\/ceipfmacia-orrius\/wp-content\/uploads\/usu2067\/2020\/03\/foto-experiment-art-1024x766.jpg\" alt=\"\" width=\"240\" height=\"179\" srcset=\"https:\/\/agora.xtec.cat\/ceipfmacia-orrius\/wp-content\/uploads\/usu2067\/2020\/03\/foto-experiment-art-1024x766.jpg 1024w, https:\/\/agora.xtec.cat\/ceipfmacia-orrius\/wp-content\/uploads\/usu2067\/2020\/03\/foto-experiment-art-300x224.jpg 300w, https:\/\/agora.xtec.cat\/ceipfmacia-orrius\/wp-content\/uploads\/usu2067\/2020\/03\/foto-experiment-art-768x574.jpg 768w, https:\/\/agora.xtec.cat\/ceipfmacia-orrius\/wp-content\/uploads\/usu2067\/2020\/03\/foto-experiment-art-200x150.jpg 200w\" sizes=\"auto, (max-width: 240px) 100vw, 240px\" \/><\/a><\/p>\n<p><span style=\"font-weight: 400;\">Ara ens tocava a nosaltres, ens van donar un plat de pl\u00e0stic que representava la nostra paleta de pintor, ens van posar els tres colors primaris, i amb l\u2019explicaci\u00f3 dels percentatges de cada color que hav\u00edem de barrejar cada vegada, i havent vist l\u2019experiment, ja pod\u00edem pintar la roda crom\u00e0tica, que acabar\u00e0 convertint-se en un ull. Vam gaudir i vam quedar sorpresos de com podem fer els colors, tenint-ne nom\u00e9s tres.<\/span><\/p>\n<p>Us atreviu a provar-ho vosaltres?<\/p>\n<p><a href=\"https:\/\/photos.app.goo.gl\/iCbnGxjK9mhGde2K7\"><img loading=\"lazy\" decoding=\"async\" class=\"wp-image-1339 aligncenter\" src=\"https:\/\/agora.xtec.cat\/ceipfmacia-orrius\/wp-content\/uploads\/usu2067\/2020\/03\/paleta.jpg\" alt=\"\" width=\"447\" height=\"336\" srcset=\"https:\/\/agora.xtec.cat\/ceipfmacia-orrius\/wp-content\/uploads\/usu2067\/2020\/03\/paleta.jpg 820w, https:\/\/agora.xtec.cat\/ceipfmacia-orrius\/wp-content\/uploads\/usu2067\/2020\/03\/paleta-300x225.jpg 300w, https:\/\/agora.xtec.cat\/ceipfmacia-orrius\/wp-content\/uploads\/usu2067\/2020\/03\/paleta-768x577.jpg 768w, https:\/\/agora.xtec.cat\/ceipfmacia-orrius\/wp-content\/uploads\/usu2067\/2020\/03\/paleta-200x150.jpg 200w\" sizes=\"auto, (max-width: 447px) 100vw, 447px\" \/><\/a><\/p>\n<p>&nbsp;<\/p>\n","protected":false},"excerpt":{"rendered":"<p>Avui, la classe d\u2019art de cicle mitj\u00e0 ha estat ben sorprenent, una bona barreja d\u2019experimentaci\u00f3, m\u00e0gia i color.\u00a0<br \/>\nEls Minions i les Mafaldes, junts, a la classe de les Mafaldes, hem estat espectadors d\u2019un experiment que ens ha encantat, els mestres s\u2019han convertit en bruixots i&hellip;  <a href=\"https:\/\/agora.xtec.cat\/ceipfmacia-orrius\/cm\/llops\/descobrim-els-colors\/\" title=\"Read DESCOBRIM ELS COLORS\">Llegeix m\u00e9s\u00bb<\/a><\/p>\n","protected":false},"author":5,"featured_media":1339,"comment_status":"open","ping_status":"closed","sticky":false,"template":"","format":"standard","meta":{"_bbp_topic_count":0,"_bbp_reply_count":0,"_bbp_total_topic_count":0,"_bbp_total_reply_count":0,"_bbp_voice_count":0,"_bbp_anonymous_reply_count":0,"_bbp_topic_count_hidden":0,"_bbp_reply_count_hidden":0,"_bbp_forum_subforum_count":0,"footnotes":""},"categories":[73,12,13],"tags":[87],"class_list":["post-1337","post","type-post","status-publish","format-standard","has-post-thumbnail","hentry","category-art","category-llops","category-mascotes-olimpiques","tag-art"],"post_mailing_queue_ids":[],"_links":{"self":[{"href":"https:\/\/agora.xtec.cat\/ceipfmacia-orrius\/wp-json\/wp\/v2\/posts\/1337","targetHints":{"allow":["GET"]}}],"collection":[{"href":"https:\/\/agora.xtec.cat\/ceipfmacia-orrius\/wp-json\/wp\/v2\/posts"}],"about":[{"href":"https:\/\/agora.xtec.cat\/ceipfmacia-orrius\/wp-json\/wp\/v2\/types\/post"}],"author":[{"embeddable":true,"href":"https:\/\/agora.xtec.cat\/ceipfmacia-orrius\/wp-json\/wp\/v2\/users\/5"}],"replies":[{"embeddable":true,"href":"https:\/\/agora.xtec.cat\/ceipfmacia-orrius\/wp-json\/wp\/v2\/comments?post=1337"}],"version-history":[{"count":1,"href":"https:\/\/agora.xtec.cat\/ceipfmacia-orrius\/wp-json\/wp\/v2\/posts\/1337\/revisions"}],"predecessor-version":[{"id":1340,"href":"https:\/\/agora.xtec.cat\/ceipfmacia-orrius\/wp-json\/wp\/v2\/posts\/1337\/revisions\/1340"}],"wp:featuredmedia":[{"embeddable":true,"href":"https:\/\/agora.xtec.cat\/ceipfmacia-orrius\/wp-json\/wp\/v2\/media\/1339"}],"wp:attachment":[{"href":"https:\/\/agora.xtec.cat\/ceipfmacia-orrius\/wp-json\/wp\/v2\/media?parent=1337"}],"wp:term":[{"taxonomy":"category","embeddable":true,"href":"https:\/\/agora.xtec.cat\/ceipfmacia-orrius\/wp-json\/wp\/v2\/categories?post=1337"},{"taxonomy":"post_tag","embeddable":true,"href":"https:\/\/agora.xtec.cat\/ceipfmacia-orrius\/wp-json\/wp\/v2\/tags?post=1337"}],"curies":[{"name":"wp","href":"https:\/\/api.w.org\/{rel}","templated":true}]}}