{"id":1334,"date":"2020-01-23T11:55:49","date_gmt":"2020-01-23T10:55:49","guid":{"rendered":"https:\/\/agora.xtec.cat\/ceipfmacia-orrius\/?p=1334"},"modified":"2020-03-26T12:10:08","modified_gmt":"2020-03-26T11:10:08","slug":"sacosta-la-nit-treballem-el-degradat","status":"publish","type":"post","link":"https:\/\/agora.xtec.cat\/ceipfmacia-orrius\/cm\/llops\/sacosta-la-nit-treballem-el-degradat\/","title":{"rendered":"S&#8217;ACOSTA LA NIT, TREBALLEM EL DEGRADAT"},"content":{"rendered":"<p><span style=\"font-weight: 400;\">Ai! l\u2019hivern&#8230; quina estaci\u00f3 de l\u2019any m\u00e9s freda&#8230;, i apagada!<\/span><\/p>\n<p><span style=\"font-weight: 400;\">Clar que, gr\u00e0cies a l\u2019art, acabem donant vida i alegria a qualsevol moment i representaci\u00f3. Aprofitant que estem treballant i descobrint el color per saber-ne tots els secrets que amaga, les mestres ens van fer una proposta, que en un primer moment vam considerar molt dif\u00edcil, per\u00f2 que una vegada sabut el truc, ens va agradar i la vam tirar endavant sense problemes.<\/span><\/p>\n<p><span style=\"font-weight: 400;\">Que en qu\u00e8 consistia?\u00a0<\/span><\/p>\n<p><span style=\"font-weight: 400;\">Mireu, hav\u00edem de representar un arbre a l\u2019hivern, \u00e9s a dir, nu, i que el cel que l\u2019envolt\u00e9s represent\u00e9s la nit. Aix\u00f2 s\u2019aconseguia fent un degradat de color, en aquest cas, el blau, i s\u2019aconsegueix jugant amb el blau, el negre i el blanc.<\/span><\/p>\n<p><span style=\"font-weight: 400;\">A nosaltres, com que vam utilitzar el blau m\u00e9s fosc, no ens va fer falta el negre, nom\u00e9s per pintar la silueta de l\u2019arbre que hav\u00edem dibuixat.<\/span><\/p>\n<p><span style=\"font-weight: 400;\">Mireu quins artistes estem fets!\u00a0<\/span><\/p>\n<p><span style=\"text-decoration: underline;\"><strong>FEU CLIC A LA IMATGE PER A ACCEDIR A LA GALERIA DE FOTOS<\/strong><\/span><\/p>\n<p><a href=\"https:\/\/photos.app.goo.gl\/vErX17vdpmBwg1n96\"><img loading=\"lazy\" decoding=\"async\" class=\"size-full wp-image-1335 aligncenter\" src=\"https:\/\/agora.xtec.cat\/ceipfmacia-orrius\/wp-content\/uploads\/usu2067\/2020\/03\/PORTADA-arbre-nit.jpg\" alt=\"\" width=\"521\" height=\"368\" srcset=\"https:\/\/agora.xtec.cat\/ceipfmacia-orrius\/wp-content\/uploads\/usu2067\/2020\/03\/PORTADA-arbre-nit.jpg 521w, https:\/\/agora.xtec.cat\/ceipfmacia-orrius\/wp-content\/uploads\/usu2067\/2020\/03\/PORTADA-arbre-nit-300x212.jpg 300w\" sizes=\"auto, (max-width: 521px) 100vw, 521px\" \/><\/a><\/p>\n","protected":false},"excerpt":{"rendered":"<p>Ai! l\u2019hivern&#8230; quina estaci\u00f3 de l\u2019any m\u00e9s freda&#8230;, i apagada!<br \/>\nClar que, gr\u00e0cies a l\u2019art, acabem donant vida i alegria a qualsevol moment i representaci\u00f3. Aprofitant que estem treballant i descobrint el color per saber-ne tots els secrets que amaga, les mestres ens van fer una&hellip;  <a href=\"https:\/\/agora.xtec.cat\/ceipfmacia-orrius\/cm\/llops\/sacosta-la-nit-treballem-el-degradat\/\" title=\"Read S&#8217;ACOSTA LA NIT, TREBALLEM EL DEGRADAT\">Llegeix m\u00e9s\u00bb<\/a><\/p>\n","protected":false},"author":5,"featured_media":1335,"comment_status":"open","ping_status":"closed","sticky":false,"template":"","format":"standard","meta":{"_bbp_topic_count":0,"_bbp_reply_count":0,"_bbp_total_topic_count":0,"_bbp_total_reply_count":0,"_bbp_voice_count":0,"_bbp_anonymous_reply_count":0,"_bbp_topic_count_hidden":0,"_bbp_reply_count_hidden":0,"_bbp_forum_subforum_count":0,"footnotes":""},"categories":[73,12,13],"tags":[87],"class_list":["post-1334","post","type-post","status-publish","format-standard","has-post-thumbnail","hentry","category-art","category-llops","category-mascotes-olimpiques","tag-art"],"post_mailing_queue_ids":[],"_links":{"self":[{"href":"https:\/\/agora.xtec.cat\/ceipfmacia-orrius\/wp-json\/wp\/v2\/posts\/1334","targetHints":{"allow":["GET"]}}],"collection":[{"href":"https:\/\/agora.xtec.cat\/ceipfmacia-orrius\/wp-json\/wp\/v2\/posts"}],"about":[{"href":"https:\/\/agora.xtec.cat\/ceipfmacia-orrius\/wp-json\/wp\/v2\/types\/post"}],"author":[{"embeddable":true,"href":"https:\/\/agora.xtec.cat\/ceipfmacia-orrius\/wp-json\/wp\/v2\/users\/5"}],"replies":[{"embeddable":true,"href":"https:\/\/agora.xtec.cat\/ceipfmacia-orrius\/wp-json\/wp\/v2\/comments?post=1334"}],"version-history":[{"count":1,"href":"https:\/\/agora.xtec.cat\/ceipfmacia-orrius\/wp-json\/wp\/v2\/posts\/1334\/revisions"}],"predecessor-version":[{"id":1336,"href":"https:\/\/agora.xtec.cat\/ceipfmacia-orrius\/wp-json\/wp\/v2\/posts\/1334\/revisions\/1336"}],"wp:featuredmedia":[{"embeddable":true,"href":"https:\/\/agora.xtec.cat\/ceipfmacia-orrius\/wp-json\/wp\/v2\/media\/1335"}],"wp:attachment":[{"href":"https:\/\/agora.xtec.cat\/ceipfmacia-orrius\/wp-json\/wp\/v2\/media?parent=1334"}],"wp:term":[{"taxonomy":"category","embeddable":true,"href":"https:\/\/agora.xtec.cat\/ceipfmacia-orrius\/wp-json\/wp\/v2\/categories?post=1334"},{"taxonomy":"post_tag","embeddable":true,"href":"https:\/\/agora.xtec.cat\/ceipfmacia-orrius\/wp-json\/wp\/v2\/tags?post=1334"}],"curies":[{"name":"wp","href":"https:\/\/api.w.org\/{rel}","templated":true}]}}