{"id":1322,"date":"2020-03-17T11:30:59","date_gmt":"2020-03-17T10:30:59","guid":{"rendered":"https:\/\/agora.xtec.cat\/ceipfmacia-orrius\/?p=1322"},"modified":"2020-03-26T18:59:56","modified_gmt":"2020-03-26T17:59:56","slug":"el-protagonista-es-ladria","status":"publish","type":"post","link":"https:\/\/agora.xtec.cat\/ceipfmacia-orrius\/infantil\/el-protagonista-es-ladria\/","title":{"rendered":"EL PROTAGONISTA \u00c9S: L&#8217;ADRI\u00c0!"},"content":{"rendered":"<p>A finals de gener v\u00e0rem comen\u00e7ar el projecte del &#8220;Protagonista de la Setmana&#8221;! L&#8217;Adri\u00e0 ha estat el nostre primer protagonista i dillus ens va portar la seva caixa dels tresors per compartir-la amb els seus companys i companyes! Durant tota la setmana l&#8217;ha tingut al rac\u00f3 i divendres la seva mare, l&#8217;Anna, va venir a l&#8217;escola per passar la tarda amb nosaltres i fer una bonica activitat. L&#8217;Anna ens va explicar,amb un conte, com era la seva vida quan vivien en un vaixell i ens en va portar uns de paper que nosaltres v\u00e0rem decorar! Ens ho v\u00e0rem passar molt b\u00e9! Moltes gr\u00e0cies Anna i Adri\u00e0! Aqu\u00ed teniu les fotos!<\/p>\n<p><a href=\"http:\/\/www.kizoa.es\/Editar-V\u00eddeos-Movie-Maker\/d314919851kP1096110519o2l1\/2019-20-adri\u00e0-protagonista\" rel=\"noopener noreferrer\" target=\"_blank\">V\u00eddeo Protagonista Adri\u00e0 per a m\u00f2bil i tablet. Cliqueu aqu\u00ed<\/a><\/p>\n<p><object width=\"640\" height=\"360\"><param name=\"movie\" value=\"https:\/\/app.kizoa.pl\/i-Contact\/sflite.swf?did=314919851&#038;k=P1096110519&#038;hk=1&#038;loop=1\"><\/param><param name=\"wmode\" value=\"transparent\"><\/param><param name=\"allowFullScreen\" value=\"true\"><\/param><embed src=\"https:\/\/app.kizoa.pl\/i-Contact\/sflite.swf?did=314919851&#038;k=P1096110519&#038;hk=1&#038;loop=1\" type=\"application\/x-shockwave-flash\" wmode=\"transparent\" width=\"640\" height=\"360\" allowFullScreen=\"true\"><\/embed><\/object><\/p>\n","protected":false},"excerpt":{"rendered":"<p>A finals de gener v\u00e0rem comen\u00e7ar el projecte del &#8220;Protagonista de la Setmana&#8221;! L&#8217;Adri\u00e0 ha estat el nostre primer protagonista i dillus ens va portar la seva caixa dels tresors per compartir-la amb els seus companys i companyes! Durant tota la setmana l&#8217;ha tingut al&hellip;  <a href=\"https:\/\/agora.xtec.cat\/ceipfmacia-orrius\/infantil\/el-protagonista-es-ladria\/\" title=\"Read EL PROTAGONISTA \u00c9S: L&#8217;ADRI\u00c0!\">Llegeix m\u00e9s\u00bb<\/a><\/p>\n","protected":false},"author":17,"featured_media":0,"comment_status":"open","ping_status":"closed","sticky":false,"template":"","format":"standard","meta":{"_bbp_topic_count":0,"_bbp_reply_count":0,"_bbp_total_topic_count":0,"_bbp_total_reply_count":0,"_bbp_voice_count":0,"_bbp_anonymous_reply_count":0,"_bbp_topic_count_hidden":0,"_bbp_reply_count_hidden":0,"_bbp_forum_subforum_count":0,"footnotes":""},"categories":[2,3],"tags":[],"class_list":["post-1322","post","type-post","status-publish","format-standard","hentry","category-infantil","category-maons"],"post_mailing_queue_ids":[],"_links":{"self":[{"href":"https:\/\/agora.xtec.cat\/ceipfmacia-orrius\/wp-json\/wp\/v2\/posts\/1322","targetHints":{"allow":["GET"]}}],"collection":[{"href":"https:\/\/agora.xtec.cat\/ceipfmacia-orrius\/wp-json\/wp\/v2\/posts"}],"about":[{"href":"https:\/\/agora.xtec.cat\/ceipfmacia-orrius\/wp-json\/wp\/v2\/types\/post"}],"author":[{"embeddable":true,"href":"https:\/\/agora.xtec.cat\/ceipfmacia-orrius\/wp-json\/wp\/v2\/users\/17"}],"replies":[{"embeddable":true,"href":"https:\/\/agora.xtec.cat\/ceipfmacia-orrius\/wp-json\/wp\/v2\/comments?post=1322"}],"version-history":[{"count":3,"href":"https:\/\/agora.xtec.cat\/ceipfmacia-orrius\/wp-json\/wp\/v2\/posts\/1322\/revisions"}],"predecessor-version":[{"id":1350,"href":"https:\/\/agora.xtec.cat\/ceipfmacia-orrius\/wp-json\/wp\/v2\/posts\/1322\/revisions\/1350"}],"wp:attachment":[{"href":"https:\/\/agora.xtec.cat\/ceipfmacia-orrius\/wp-json\/wp\/v2\/media?parent=1322"}],"wp:term":[{"taxonomy":"category","embeddable":true,"href":"https:\/\/agora.xtec.cat\/ceipfmacia-orrius\/wp-json\/wp\/v2\/categories?post=1322"},{"taxonomy":"post_tag","embeddable":true,"href":"https:\/\/agora.xtec.cat\/ceipfmacia-orrius\/wp-json\/wp\/v2\/tags?post=1322"}],"curies":[{"name":"wp","href":"https:\/\/api.w.org\/{rel}","templated":true}]}}