{"id":1300,"date":"2020-02-28T10:14:54","date_gmt":"2020-02-28T09:14:54","guid":{"rendered":"https:\/\/agora.xtec.cat\/ceipfmacia-orrius\/?p=1300"},"modified":"2020-03-25T10:20:10","modified_gmt":"2020-03-25T09:20:10","slug":"enigma-28-de-febrer","status":"publish","type":"post","link":"https:\/\/agora.xtec.cat\/ceipfmacia-orrius\/infantil\/maons\/enigma-28-de-febrer\/","title":{"rendered":"Enigma 28 de febrer"},"content":{"rendered":"<p>Cada divendres despr\u00e9s de Carnaval a l&#8217;escola tallem una pota de la vella quaresma i aquesta ens planteja un enigma.<br \/>\nTenint en compte la situaci\u00f3 d&#8217;aquests dies voldr\u00edem seguir-ho fent de forma virtual. Aix\u00ed doncs aqu\u00ed van els enigmes anteriors, tingueu en compte que per poder accedir us caldr\u00e0 la resposta de l&#8217;anterior&#8230;<\/p>\n<p>El primer, que v\u00e0rem fer el 28 de febrer \u00e9s:<\/p>\n<p>Qu\u00e8 \u00e9s el primer que fa una persona en caure a una piscina?<a href=\"https:\/\/agora.xtec.cat\/ceipfmacia-orrius\/wp-content\/uploads\/usu2067\/2020\/03\/piscina.png\"><img loading=\"lazy\" decoding=\"async\" class=\"size-full wp-image-1305 aligncenter\" src=\"https:\/\/agora.xtec.cat\/ceipfmacia-orrius\/wp-content\/uploads\/usu2067\/2020\/03\/piscina.png\" alt=\"\" width=\"233\" height=\"217\" \/><\/a><\/p>\n<p>La resposta ser\u00e0 la contrasenya per a accedir al seg\u00fcent enigma, el format ser\u00e0 _ _ _ _ _ &#8211; _ _<\/p>\n","protected":false},"excerpt":{"rendered":"<p>Cada divendres despr\u00e9s de Carnaval a l&#8217;escola tallem una pota de la vella quaresma i aquesta ens planteja un enigma.<br \/>\nTenint en compte la situaci\u00f3 d&#8217;aquests dies voldr\u00edem seguir-ho fent de forma virtual. Aix\u00ed doncs aqu\u00ed van els enigmes anteriors, tingueu en compte que per poder&hellip;  <a href=\"https:\/\/agora.xtec.cat\/ceipfmacia-orrius\/infantil\/maons\/enigma-28-de-febrer\/\" title=\"Read Enigma 28 de febrer\">Llegeix m\u00e9s\u00bb<\/a><\/p>\n","protected":false},"author":3,"featured_media":1307,"comment_status":"open","ping_status":"closed","sticky":false,"template":"","format":"standard","meta":{"_bbp_topic_count":0,"_bbp_reply_count":0,"_bbp_total_topic_count":0,"_bbp_total_reply_count":0,"_bbp_voice_count":0,"_bbp_anonymous_reply_count":0,"_bbp_topic_count_hidden":0,"_bbp_reply_count_hidden":0,"_bbp_forum_subforum_count":0,"footnotes":""},"categories":[10,12,3,13,8,14,4],"tags":[104,106,107,105],"class_list":["post-1300","post","type-post","status-publish","format-standard","has-post-thumbnail","hentry","category-anelles-olimpiques","category-llops","category-maons","category-mascotes-olimpiques","category-aquatics-infantil","category-porcs-senglars","category-portada","tag-enigmes","tag-festes","tag-matematiques","tag-vella-quaresma"],"post_mailing_queue_ids":[],"_links":{"self":[{"href":"https:\/\/agora.xtec.cat\/ceipfmacia-orrius\/wp-json\/wp\/v2\/posts\/1300","targetHints":{"allow":["GET"]}}],"collection":[{"href":"https:\/\/agora.xtec.cat\/ceipfmacia-orrius\/wp-json\/wp\/v2\/posts"}],"about":[{"href":"https:\/\/agora.xtec.cat\/ceipfmacia-orrius\/wp-json\/wp\/v2\/types\/post"}],"author":[{"embeddable":true,"href":"https:\/\/agora.xtec.cat\/ceipfmacia-orrius\/wp-json\/wp\/v2\/users\/3"}],"replies":[{"embeddable":true,"href":"https:\/\/agora.xtec.cat\/ceipfmacia-orrius\/wp-json\/wp\/v2\/comments?post=1300"}],"version-history":[{"count":1,"href":"https:\/\/agora.xtec.cat\/ceipfmacia-orrius\/wp-json\/wp\/v2\/posts\/1300\/revisions"}],"predecessor-version":[{"id":1306,"href":"https:\/\/agora.xtec.cat\/ceipfmacia-orrius\/wp-json\/wp\/v2\/posts\/1300\/revisions\/1306"}],"wp:featuredmedia":[{"embeddable":true,"href":"https:\/\/agora.xtec.cat\/ceipfmacia-orrius\/wp-json\/wp\/v2\/media\/1307"}],"wp:attachment":[{"href":"https:\/\/agora.xtec.cat\/ceipfmacia-orrius\/wp-json\/wp\/v2\/media?parent=1300"}],"wp:term":[{"taxonomy":"category","embeddable":true,"href":"https:\/\/agora.xtec.cat\/ceipfmacia-orrius\/wp-json\/wp\/v2\/categories?post=1300"},{"taxonomy":"post_tag","embeddable":true,"href":"https:\/\/agora.xtec.cat\/ceipfmacia-orrius\/wp-json\/wp\/v2\/tags?post=1300"}],"curies":[{"name":"wp","href":"https:\/\/api.w.org\/{rel}","templated":true}]}}