{"id":13,"date":"2019-09-18T11:49:40","date_gmt":"2019-09-18T09:49:40","guid":{"rendered":"http:\/\/agora.xtec.cat\/ceipfmacia-orrius\/?p=13"},"modified":"2020-01-16T15:05:35","modified_gmt":"2020-01-16T14:05:35","slug":"noticia","status":"publish","type":"post","link":"https:\/\/agora.xtec.cat\/ceipfmacia-orrius\/portada\/noticia\/","title":{"rendered":"Ja tenim el disseny del got de l&#8217;AFI"},"content":{"rendered":"<p><a href=\"https:\/\/agora.xtec.cat\/ceipfmacia-orrius\/wp-content\/uploads\/usu2067\/2014\/09\/IMG_rdasv0.jpg\"><img loading=\"lazy\" decoding=\"async\" class=\"alignnone size-large wp-image-555\" src=\"https:\/\/agora.xtec.cat\/ceipfmacia-orrius\/wp-content\/uploads\/usu2067\/2014\/09\/IMG_rdasv0-1024x395.jpg\" alt=\"\" width=\"1024\" height=\"395\" srcset=\"https:\/\/agora.xtec.cat\/ceipfmacia-orrius\/wp-content\/uploads\/usu2067\/2014\/09\/IMG_rdasv0-1024x395.jpg 1024w, https:\/\/agora.xtec.cat\/ceipfmacia-orrius\/wp-content\/uploads\/usu2067\/2014\/09\/IMG_rdasv0-300x116.jpg 300w, https:\/\/agora.xtec.cat\/ceipfmacia-orrius\/wp-content\/uploads\/usu2067\/2014\/09\/IMG_rdasv0-768x296.jpg 768w\" sizes=\"auto, (max-width: 1024px) 100vw, 1024px\" \/><\/a>Fa uns dies l&#8217;Associaci\u00f3 de Fam\u00edlies varen demanar ajuda pel disseny del got que es far\u00e0 servir per a festes i activitats. Aquesta iniciativa pret\u00e9n reduir l&#8217;\u00fas de gots de pl\u00e0stic d&#8217;un sol \u00fas.<\/p>\n<p>L&#8217;<span class=\"hiddenSpellError\">AFI<\/span>\u00a0va proposar-nos que als nens i nenes de l&#8217;escola dibuixessin un personatge o \u00e9sser fant\u00e0stic que pugui viure als boscos que envolten el poble. El jurat que va triar el dibuix final ens deia:<\/p>\n<p><span class=\"hiddenGrammarError\">&#8220;<\/span>Volem agrair a tots els participants les seves il\u00b7lustracions. Ens ho han posat molt dif\u00edcil a l&#8217;hora de seleccionar. Hem hagut d&#8217;anar seleccionant per etapes fins a arribar als 7 finalistes. Tots els dibuixos ens han agradat molt, en tots hem trobat algun detall que el feia especial, creatiu, m\u00e0gic&#8230;\u00a0<span class=\"hiddenGrammarError\">.<\/span><\/p>\n<p>Malau<a href=\"https:\/\/agora.xtec.cat\/ceipfmacia-orrius\/wp-content\/uploads\/usu2067\/2014\/09\/IMG_-hkwz7o.jpg\"><img loading=\"lazy\" decoding=\"async\" class=\"wp-image-557 alignright\" src=\"https:\/\/agora.xtec.cat\/ceipfmacia-orrius\/wp-content\/uploads\/usu2067\/2014\/09\/IMG_-hkwz7o-717x1024.jpg\" alt=\"\" width=\"196\" height=\"281\" srcset=\"https:\/\/agora.xtec.cat\/ceipfmacia-orrius\/wp-content\/uploads\/usu2067\/2014\/09\/IMG_-hkwz7o-717x1024.jpg 717w, https:\/\/agora.xtec.cat\/ceipfmacia-orrius\/wp-content\/uploads\/usu2067\/2014\/09\/IMG_-hkwz7o-210x300.jpg 210w, https:\/\/agora.xtec.cat\/ceipfmacia-orrius\/wp-content\/uploads\/usu2067\/2014\/09\/IMG_-hkwz7o-768x1097.jpg 768w, https:\/\/agora.xtec.cat\/ceipfmacia-orrius\/wp-content\/uploads\/usu2067\/2014\/09\/IMG_-hkwz7o.jpg 1856w\" sizes=\"auto, (max-width: 196px) 100vw, 196px\" \/><\/a>radament no hi havia espai per posar-los tots. Gr\u00e0cies a tots, de nou, ha estat un plaer crear aquest got amb la col\u00b7laboraci\u00f3 dels nens i nenes de l&#8217;escola. I estem molt satisfetes del resultat. \u00c9s un got que ve de gust tenir a qualsevol rac\u00f3 de casa o la feina.<\/p>\n<p>A part de ser un got per beure, en podem trobar altres usos: pot de llapis, pot pels raspalls de dents, pot per fregalls, petit test per un cactus<span class=\"hiddenGrammarError\">,.<\/span>&#8230;. segur que en trobeu molts m\u00e9s.<\/p>\n<p>El\u00a0Got es vendr\u00e0 durant el Pessebre Vivent. Els dies 28 i 29 a la barra del Pessebre que gestiona l&#8217;<span class=\"hiddenSpellError\">AFI<\/span>. El preu del Got ser\u00e0\u00a01\u20ac. Les\u00a0begudes seran servides amb aquest got. I animem a tots els pares, mares, nenes, nens, \u00e0vies, avis,\u00a0tiets, tietes, amics, mestres a visitar la parada de l&#8217;<span class=\"hiddenSpellError\">AFI<\/span>\u00a0i col\u00b7laborar.\u00a0Aix\u00ed\u00a0tamb\u00e9 us animem que visiteu el Pessebre Vivent d&#8217;\u00d2rrius!!!!!&#8221;<\/p>\n<p>&nbsp;<\/p>\n","protected":false},"excerpt":{"rendered":"<p><a href=\"https:\/\/agora.xtec.cat\/ceipfmacia-orrius\/wp-content\/uploads\/usu2067\/2014\/09\/IMG_rdasv0.jpg\"><\/a>Fa uns dies l&#8217;Associaci\u00f3 de Fam\u00edlies varen demanar ajuda pel disseny del got que es far\u00e0 servir per a festes i activitats. Aquesta iniciativa pret\u00e9n reduir l&#8217;\u00fas de gots de pl\u00e0stic d&#8217;un sol \u00fas.<br \/>\nL&#8217;AFI\u00a0va proposar-nos que als nens i nenes de l&#8217;escola dibuixessin un&hellip;  <a href=\"https:\/\/agora.xtec.cat\/ceipfmacia-orrius\/portada\/noticia\/\" title=\"Read Ja tenim el disseny del got de l&#8217;AFI\">Llegeix m\u00e9s\u00bb<\/a><\/p>\n","protected":false},"author":1,"featured_media":555,"comment_status":"open","ping_status":"closed","sticky":false,"template":"","format":"standard","meta":{"_bbp_topic_count":0,"_bbp_reply_count":0,"_bbp_total_topic_count":0,"_bbp_total_reply_count":0,"_bbp_voice_count":0,"_bbp_anonymous_reply_count":0,"_bbp_topic_count_hidden":0,"_bbp_reply_count_hidden":0,"_bbp_forum_subforum_count":0,"footnotes":""},"categories":[7,4],"tags":[19],"class_list":["post-13","post","type-post","status-publish","format-standard","has-post-thumbnail","hentry","category-afi","category-portada","tag-audiovisuals"],"post_mailing_queue_ids":[],"_links":{"self":[{"href":"https:\/\/agora.xtec.cat\/ceipfmacia-orrius\/wp-json\/wp\/v2\/posts\/13","targetHints":{"allow":["GET"]}}],"collection":[{"href":"https:\/\/agora.xtec.cat\/ceipfmacia-orrius\/wp-json\/wp\/v2\/posts"}],"about":[{"href":"https:\/\/agora.xtec.cat\/ceipfmacia-orrius\/wp-json\/wp\/v2\/types\/post"}],"author":[{"embeddable":true,"href":"https:\/\/agora.xtec.cat\/ceipfmacia-orrius\/wp-json\/wp\/v2\/users\/1"}],"replies":[{"embeddable":true,"href":"https:\/\/agora.xtec.cat\/ceipfmacia-orrius\/wp-json\/wp\/v2\/comments?post=13"}],"version-history":[{"count":3,"href":"https:\/\/agora.xtec.cat\/ceipfmacia-orrius\/wp-json\/wp\/v2\/posts\/13\/revisions"}],"predecessor-version":[{"id":558,"href":"https:\/\/agora.xtec.cat\/ceipfmacia-orrius\/wp-json\/wp\/v2\/posts\/13\/revisions\/558"}],"wp:featuredmedia":[{"embeddable":true,"href":"https:\/\/agora.xtec.cat\/ceipfmacia-orrius\/wp-json\/wp\/v2\/media\/555"}],"wp:attachment":[{"href":"https:\/\/agora.xtec.cat\/ceipfmacia-orrius\/wp-json\/wp\/v2\/media?parent=13"}],"wp:term":[{"taxonomy":"category","embeddable":true,"href":"https:\/\/agora.xtec.cat\/ceipfmacia-orrius\/wp-json\/wp\/v2\/categories?post=13"},{"taxonomy":"post_tag","embeddable":true,"href":"https:\/\/agora.xtec.cat\/ceipfmacia-orrius\/wp-json\/wp\/v2\/tags?post=13"}],"curies":[{"name":"wp","href":"https:\/\/api.w.org\/{rel}","templated":true}]}}