{"id":1256,"date":"2019-10-24T13:43:05","date_gmt":"2019-10-24T11:43:05","guid":{"rendered":"https:\/\/agora.xtec.cat\/ceipfmacia-orrius\/?p=1256"},"modified":"2020-03-27T15:45:51","modified_gmt":"2020-03-27T14:45:51","slug":"els-minierals","status":"publish","type":"post","link":"https:\/\/agora.xtec.cat\/ceipfmacia-orrius\/cm\/mascotes-olimpiques\/els-minierals\/","title":{"rendered":"ELS MINIERALS"},"content":{"rendered":"<p style=\"text-align: justify;\">Hola a tothom!!<\/p>\n<p style=\"text-align: justify;\">Com cada any, els infants de l&#8217;escola, es pregunten, el perqu\u00e8, el com, qu\u00e8 passaria si&#8230;, etc. de tot all\u00f2 que no saben i que els hi agradaria investigar i aprofundir, per arribar a ser experts en la mat\u00e8ria. Doncs, aix\u00f2 va ser exactament el que vam fer, fins a arribar el\u00a0 projecte que portem treballant durant tot aquest temps.<\/p>\n<ul style=\"list-style-type: square;\">\n<li>En primer lloc, vam fer una pluja d&#8217;idees dels temes que els interessaven.<\/li>\n<li>En segon lloc, els i les alumnes vam fer votacions, dels temes que m\u00e9s els cridaven l&#8217;atenci\u00f3.<\/li>\n<li>Fins que finalment, va sortir el tema: <strong>Els Minerals<\/strong>.<\/li>\n<\/ul>\n<p>Una vegada triat el tema, vam comen\u00e7ar a: plantejar-nos preguntes, investigar-les, descoberta de coses, resumir, elaboraci\u00f3 d&#8217;un mapa conceptual&#8230;<\/p>\n<p>Hem apr\u00e8s i estem aprenent molt\u00edssim a cerca dels <strong>Minerals<\/strong>.<\/p>\n<p><a href=\"https:\/\/photos.app.goo.gl\/wtXM6sjfK7k6opC88\"><img loading=\"lazy\" decoding=\"async\" class=\"attachment-266x266 aligncenter\" src=\"https:\/\/agora.xtec.cat\/ceipfmacia-orrius\/wp-content\/uploads\/usu2067\/2020\/03\/mineral.jpg\" sizes=\"auto, (max-width: 266px) 100vw, 266px\" srcset=\"https:\/\/agora.xtec.cat\/ceipfmacia-orrius\/wp-content\/uploads\/usu2067\/2020\/03\/mineral.jpg 3264w, https:\/\/agora.xtec.cat\/ceipfmacia-orrius\/wp-content\/uploads\/usu2067\/2020\/03\/mineral-300x168.jpg 300w, https:\/\/agora.xtec.cat\/ceipfmacia-orrius\/wp-content\/uploads\/usu2067\/2020\/03\/mineral-768x429.jpg 768w, https:\/\/agora.xtec.cat\/ceipfmacia-orrius\/wp-content\/uploads\/usu2067\/2020\/03\/mineral-1024x572.jpg 1024w\" alt=\"\" width=\"416\" height=\"233\" \/><\/a><\/p>\n<pre style=\"text-align: center;\">Fes clic a sobra la imatge i podeu veure el proc\u00e9s que vam seguir.<\/pre>\n","protected":false},"excerpt":{"rendered":"<p>Hola a tothom!!<br \/>\nCom cada any, els infants de l&#8217;escola, es pregunten, el perqu\u00e8, el com, qu\u00e8 passaria si&#8230;, etc. de tot all\u00f2 que no saben i que els hi agradaria investigar i aprofundir, per arribar a ser experts en la mat\u00e8ria. Doncs, aix\u00f2 va ser&hellip;  <a href=\"https:\/\/agora.xtec.cat\/ceipfmacia-orrius\/cm\/mascotes-olimpiques\/els-minierals\/\" title=\"Read ELS MINIERALS\">Llegeix m\u00e9s\u00bb<\/a><\/p>\n","protected":false},"author":1,"featured_media":1257,"comment_status":"open","ping_status":"closed","sticky":false,"template":"","format":"standard","meta":{"_bbp_topic_count":0,"_bbp_reply_count":0,"_bbp_total_topic_count":0,"_bbp_total_reply_count":0,"_bbp_voice_count":0,"_bbp_anonymous_reply_count":0,"_bbp_topic_count_hidden":0,"_bbp_reply_count_hidden":0,"_bbp_forum_subforum_count":0,"footnotes":""},"categories":[60,13],"tags":[99,100,89],"class_list":["post-1256","post","type-post","status-publish","format-standard","has-post-thumbnail","hentry","category-cm","category-mascotes-olimpiques","tag-minerals","tag-minions","tag-projecte"],"post_mailing_queue_ids":[],"_links":{"self":[{"href":"https:\/\/agora.xtec.cat\/ceipfmacia-orrius\/wp-json\/wp\/v2\/posts\/1256","targetHints":{"allow":["GET"]}}],"collection":[{"href":"https:\/\/agora.xtec.cat\/ceipfmacia-orrius\/wp-json\/wp\/v2\/posts"}],"about":[{"href":"https:\/\/agora.xtec.cat\/ceipfmacia-orrius\/wp-json\/wp\/v2\/types\/post"}],"author":[{"embeddable":true,"href":"https:\/\/agora.xtec.cat\/ceipfmacia-orrius\/wp-json\/wp\/v2\/users\/1"}],"replies":[{"embeddable":true,"href":"https:\/\/agora.xtec.cat\/ceipfmacia-orrius\/wp-json\/wp\/v2\/comments?post=1256"}],"version-history":[{"count":2,"href":"https:\/\/agora.xtec.cat\/ceipfmacia-orrius\/wp-json\/wp\/v2\/posts\/1256\/revisions"}],"predecessor-version":[{"id":1259,"href":"https:\/\/agora.xtec.cat\/ceipfmacia-orrius\/wp-json\/wp\/v2\/posts\/1256\/revisions\/1259"}],"wp:featuredmedia":[{"embeddable":true,"href":"https:\/\/agora.xtec.cat\/ceipfmacia-orrius\/wp-json\/wp\/v2\/media\/1257"}],"wp:attachment":[{"href":"https:\/\/agora.xtec.cat\/ceipfmacia-orrius\/wp-json\/wp\/v2\/media?parent=1256"}],"wp:term":[{"taxonomy":"category","embeddable":true,"href":"https:\/\/agora.xtec.cat\/ceipfmacia-orrius\/wp-json\/wp\/v2\/categories?post=1256"},{"taxonomy":"post_tag","embeddable":true,"href":"https:\/\/agora.xtec.cat\/ceipfmacia-orrius\/wp-json\/wp\/v2\/tags?post=1256"}],"curies":[{"name":"wp","href":"https:\/\/api.w.org\/{rel}","templated":true}]}}