{"id":1248,"date":"2019-10-24T11:51:15","date_gmt":"2019-10-24T09:51:15","guid":{"rendered":"https:\/\/agora.xtec.cat\/ceipfmacia-orrius\/?p=1248"},"modified":"2020-03-24T15:00:08","modified_gmt":"2020-03-24T14:00:08","slug":"classe-dels-minions","status":"publish","type":"post","link":"https:\/\/agora.xtec.cat\/ceipfmacia-orrius\/cm\/mascotes-olimpiques\/classe-dels-minions\/","title":{"rendered":"CLASSE DELS MINIONS"},"content":{"rendered":"<p style=\"text-align: justify;\">Hola a tothom!!<\/p>\n<p style=\"text-align: justify;\">Per qu\u00e8 ens diem la classe dels Minions?<\/p>\n<p style=\"text-align: justify;\">Aquest any, com a tem\u00e0tica general de l&#8217;escola vam votar a l&#8217;assembla &#8220;El c\u00f2mic&#8221;. D&#8217;aquesta proposta, vam triar els nostres personatges de c\u00f2mics preferits i ens vam transformar en ells, per art de m\u00e0gia.<\/p>\n<p style=\"text-align: justify;\">Despr\u00e9s hav\u00edem de decidir, quin nom ens pos\u00e0vem tots plegats. Vam fer una votaci\u00f3 i, d&#8217;entre tots els noms que vam dir,<span style=\"font-family: inherit; font-size: 1em;\"> finalment va guanyar els Minions. \u00c9s per aix\u00f2 que som la classe dels Minions.\u00a0<\/span><\/p>\n<p>Durant les primeres setmanes de curs, a art, amb l&#8217;Esther vam anar confeccionant els nostres Minions per decorar la porta de la classe. Va quedar molt vistosa, mireu, mireu!<\/p>\n<p><img loading=\"lazy\" decoding=\"async\" class=\"attachment-266x266 aligncenter\" src=\"https:\/\/agora.xtec.cat\/ceipfmacia-orrius\/wp-content\/uploads\/usu2067\/2020\/03\/porta_minions-1.jpeg\" sizes=\"auto, (max-width: 199px) 100vw, 199px\" srcset=\"https:\/\/agora.xtec.cat\/ceipfmacia-orrius\/wp-content\/uploads\/usu2067\/2020\/03\/porta_minions-1.jpeg 1936w, https:\/\/agora.xtec.cat\/ceipfmacia-orrius\/wp-content\/uploads\/usu2067\/2020\/03\/porta_minions-1-224x300.jpeg 224w, https:\/\/agora.xtec.cat\/ceipfmacia-orrius\/wp-content\/uploads\/usu2067\/2020\/03\/porta_minions-1-768x1028.jpeg 768w, https:\/\/agora.xtec.cat\/ceipfmacia-orrius\/wp-content\/uploads\/usu2067\/2020\/03\/porta_minions-1-765x1024.jpeg 765w\" alt=\"\" width=\"278\" height=\"372\" \/><\/p>\n","protected":false},"excerpt":{"rendered":"<p>Hola a tothom!!<br \/>\nPer qu\u00e8 ens diem la classe dels Minions?<br \/>\nAquest any, com a tem\u00e0tica general de l&#8217;escola vam votar a l&#8217;assembla &#8220;El c\u00f2mic&#8221;. D&#8217;aquesta proposta, vam triar els nostres personatges de c\u00f2mics preferits i ens vam transformar en ells, per art de m\u00e0gia.<br \/>\nDespr\u00e9s hav\u00edem de&hellip;  <a href=\"https:\/\/agora.xtec.cat\/ceipfmacia-orrius\/cm\/mascotes-olimpiques\/classe-dels-minions\/\" title=\"Read CLASSE DELS MINIONS\">Llegeix m\u00e9s\u00bb<\/a><\/p>\n","protected":false},"author":1,"featured_media":1250,"comment_status":"open","ping_status":"closed","sticky":false,"template":"","format":"standard","meta":{"_bbp_topic_count":0,"_bbp_reply_count":0,"_bbp_total_topic_count":0,"_bbp_total_reply_count":0,"_bbp_voice_count":0,"_bbp_anonymous_reply_count":0,"_bbp_topic_count_hidden":0,"_bbp_reply_count_hidden":0,"_bbp_forum_subforum_count":0,"footnotes":""},"categories":[73,68,60,13],"tags":[],"class_list":["post-1248","post","type-post","status-publish","format-standard","has-post-thumbnail","hentry","category-art","category-especialitats","category-cm","category-mascotes-olimpiques"],"post_mailing_queue_ids":[],"_links":{"self":[{"href":"https:\/\/agora.xtec.cat\/ceipfmacia-orrius\/wp-json\/wp\/v2\/posts\/1248","targetHints":{"allow":["GET"]}}],"collection":[{"href":"https:\/\/agora.xtec.cat\/ceipfmacia-orrius\/wp-json\/wp\/v2\/posts"}],"about":[{"href":"https:\/\/agora.xtec.cat\/ceipfmacia-orrius\/wp-json\/wp\/v2\/types\/post"}],"author":[{"embeddable":true,"href":"https:\/\/agora.xtec.cat\/ceipfmacia-orrius\/wp-json\/wp\/v2\/users\/1"}],"replies":[{"embeddable":true,"href":"https:\/\/agora.xtec.cat\/ceipfmacia-orrius\/wp-json\/wp\/v2\/comments?post=1248"}],"version-history":[{"count":3,"href":"https:\/\/agora.xtec.cat\/ceipfmacia-orrius\/wp-json\/wp\/v2\/posts\/1248\/revisions"}],"predecessor-version":[{"id":1253,"href":"https:\/\/agora.xtec.cat\/ceipfmacia-orrius\/wp-json\/wp\/v2\/posts\/1248\/revisions\/1253"}],"wp:featuredmedia":[{"embeddable":true,"href":"https:\/\/agora.xtec.cat\/ceipfmacia-orrius\/wp-json\/wp\/v2\/media\/1250"}],"wp:attachment":[{"href":"https:\/\/agora.xtec.cat\/ceipfmacia-orrius\/wp-json\/wp\/v2\/media?parent=1248"}],"wp:term":[{"taxonomy":"category","embeddable":true,"href":"https:\/\/agora.xtec.cat\/ceipfmacia-orrius\/wp-json\/wp\/v2\/categories?post=1248"},{"taxonomy":"post_tag","embeddable":true,"href":"https:\/\/agora.xtec.cat\/ceipfmacia-orrius\/wp-json\/wp\/v2\/tags?post=1248"}],"curies":[{"name":"wp","href":"https:\/\/api.w.org\/{rel}","templated":true}]}}