{"id":1216,"date":"2020-03-12T20:14:08","date_gmt":"2020-03-12T19:14:08","guid":{"rendered":"https:\/\/agora.xtec.cat\/ceipfmacia-orrius\/?p=1216"},"modified":"2020-03-23T17:10:52","modified_gmt":"2020-03-23T16:10:52","slug":"pete-the-cat-is-back","status":"publish","type":"post","link":"https:\/\/agora.xtec.cat\/ceipfmacia-orrius\/infantil\/pete-the-cat-is-back\/","title":{"rendered":"PETE THE CAT IS BACK!"},"content":{"rendered":"<p>Pete the Cat&#8217;s back!!!! Yes!!! And we are so happy&#8230;It&#8217;s been four months since we last saw him and now he&#8217;s come with a brand new SHIRT and a new story: &#8216;Pete the Cat and his four groovy buttons&#8217;. With him we are practising with numbers, counting buttons and revising the colours. We love him so much that, after looking at him carefully, we made a portrait of him using watercolors.<\/p>\n<p>Would you like to see the story? Play the video down below!<\/p>\n<p>&#8230;<\/p>\n<p><em>En Pete the Cat ha tornat!!!! S\u00ed! Estem s\u00faper contents&#8230;Ja feia quatre mesos que no el v\u00e8iem i ara ha vingut amb una CAMISA nova i un conte nou: &#8220;Pete the Cat and his four groovy buttons&#8221;. Amb ell practiquem els nombres, comptem botons i revisem els colors. L&#8217;estimem tant que, despr\u00e9s d&#8217;observar-lo b\u00e9, he fet un retrat amb aquarel\u00b7les.<\/em><\/p>\n<p><em>Us agradaria veure el conte? Apreteu el Play!<\/em><\/p>\n<p style=\"text-align: center;\"><span style=\"text-decoration: underline;\"><strong>FEU CLIC A LA IMATGE PER A ACCEDIR A LA GALERIA DE FOTOS<\/strong><\/span><\/p>\n<p><a href=\"https:\/\/photos.app.goo.gl\/RXcyhB3YKE4JRAG4A\"><img loading=\"lazy\" decoding=\"async\" class=\" wp-image-1217 aligncenter\" src=\"https:\/\/agora.xtec.cat\/ceipfmacia-orrius\/wp-content\/uploads\/usu2067\/2020\/03\/portada-pete-the-cat-buttons-300x225.jpg\" alt=\"\" width=\"334\" height=\"250\" srcset=\"https:\/\/agora.xtec.cat\/ceipfmacia-orrius\/wp-content\/uploads\/usu2067\/2020\/03\/portada-pete-the-cat-buttons-300x225.jpg 300w, https:\/\/agora.xtec.cat\/ceipfmacia-orrius\/wp-content\/uploads\/usu2067\/2020\/03\/portada-pete-the-cat-buttons-768x576.jpg 768w, https:\/\/agora.xtec.cat\/ceipfmacia-orrius\/wp-content\/uploads\/usu2067\/2020\/03\/portada-pete-the-cat-buttons-1024x768.jpg 1024w, https:\/\/agora.xtec.cat\/ceipfmacia-orrius\/wp-content\/uploads\/usu2067\/2020\/03\/portada-pete-the-cat-buttons-200x150.jpg 200w\" sizes=\"auto, (max-width: 334px) 100vw, 334px\" \/><\/a><\/p>\n<p><iframe loading=\"lazy\" src=\"https:\/\/www.youtube.com\/embed\/U8_Nk7pP4n0\" width=\"560\" height=\"315\" frameborder=\"0\"><\/iframe><\/p>\n","protected":false},"excerpt":{"rendered":"<p>Pete the Cat&#8217;s back!!!! Yes!!! And we are so happy&#8230;It&#8217;s been four months since we last saw him and now he&#8217;s come with a brand new SHIRT and a new story: &#8216;Pete the Cat and his four groovy buttons&#8217;. With him we are practising with&hellip;  <a href=\"https:\/\/agora.xtec.cat\/ceipfmacia-orrius\/infantil\/pete-the-cat-is-back\/\" title=\"Read PETE THE CAT IS BACK!\">Llegeix m\u00e9s\u00bb<\/a><\/p>\n","protected":false},"author":8,"featured_media":1217,"comment_status":"open","ping_status":"closed","sticky":false,"template":"","format":"standard","meta":{"_bbp_topic_count":0,"_bbp_reply_count":0,"_bbp_total_topic_count":0,"_bbp_total_reply_count":0,"_bbp_voice_count":0,"_bbp_anonymous_reply_count":0,"_bbp_topic_count_hidden":0,"_bbp_reply_count_hidden":0,"_bbp_forum_subforum_count":0,"footnotes":""},"categories":[69,2,3,8],"tags":[87,79,85],"class_list":["post-1216","post","type-post","status-publish","format-standard","has-post-thumbnail","hentry","category-angles","category-infantil","category-maons","category-aquatics-infantil","tag-art","tag-english","tag-storytelling"],"post_mailing_queue_ids":[],"_links":{"self":[{"href":"https:\/\/agora.xtec.cat\/ceipfmacia-orrius\/wp-json\/wp\/v2\/posts\/1216","targetHints":{"allow":["GET"]}}],"collection":[{"href":"https:\/\/agora.xtec.cat\/ceipfmacia-orrius\/wp-json\/wp\/v2\/posts"}],"about":[{"href":"https:\/\/agora.xtec.cat\/ceipfmacia-orrius\/wp-json\/wp\/v2\/types\/post"}],"author":[{"embeddable":true,"href":"https:\/\/agora.xtec.cat\/ceipfmacia-orrius\/wp-json\/wp\/v2\/users\/8"}],"replies":[{"embeddable":true,"href":"https:\/\/agora.xtec.cat\/ceipfmacia-orrius\/wp-json\/wp\/v2\/comments?post=1216"}],"version-history":[{"count":1,"href":"https:\/\/agora.xtec.cat\/ceipfmacia-orrius\/wp-json\/wp\/v2\/posts\/1216\/revisions"}],"predecessor-version":[{"id":1218,"href":"https:\/\/agora.xtec.cat\/ceipfmacia-orrius\/wp-json\/wp\/v2\/posts\/1216\/revisions\/1218"}],"wp:featuredmedia":[{"embeddable":true,"href":"https:\/\/agora.xtec.cat\/ceipfmacia-orrius\/wp-json\/wp\/v2\/media\/1217"}],"wp:attachment":[{"href":"https:\/\/agora.xtec.cat\/ceipfmacia-orrius\/wp-json\/wp\/v2\/media?parent=1216"}],"wp:term":[{"taxonomy":"category","embeddable":true,"href":"https:\/\/agora.xtec.cat\/ceipfmacia-orrius\/wp-json\/wp\/v2\/categories?post=1216"},{"taxonomy":"post_tag","embeddable":true,"href":"https:\/\/agora.xtec.cat\/ceipfmacia-orrius\/wp-json\/wp\/v2\/tags?post=1216"}],"curies":[{"name":"wp","href":"https:\/\/api.w.org\/{rel}","templated":true}]}}