{"id":1189,"date":"2019-12-16T12:24:17","date_gmt":"2019-12-16T11:24:17","guid":{"rendered":"https:\/\/agora.xtec.cat\/ceipfmacia-orrius\/?p=1189"},"modified":"2020-03-22T12:41:11","modified_gmt":"2020-03-22T11:41:11","slug":"an-erasmus-experience","status":"publish","type":"post","link":"https:\/\/agora.xtec.cat\/ceipfmacia-orrius\/cs\/porcs-senglars\/an-erasmus-experience\/","title":{"rendered":"AN ERASMUS EXPERIENCE"},"content":{"rendered":"<p>Today the students in 5th and 6th year have met M\u00f2nica. She lives in \u00d2rrius, but she has just arrived from Norway, where she&#8217;s been living for some months, as part of the Erasmus programme. She&#8217;s at university studying to become an English Teacher! Today she has been in our class and she has explained to us how her experience in Norway has been, how it is to live in a foreign language and we have take advantage to talk about the Climate Change with her. She has told us what Norway is doing to deal with this problem. We&#8217;ve even had time to play a board game! Monica, it&#8217;s been a pleasure! you&#8217;re welcome any time again!<\/p>\n<p>&#8230;<\/p>\n<p><em>Avui els alumnes de 5\u00e8 i 6\u00e8 hem conegut la M\u00f2nica. Ella viu a \u00d2rrius, per\u00f2 acaba d&#8217;arribar de Noruega, on ha estat vivient durant uns mesos, formant part d&#8217;un programa Erasmus. Ella est\u00e0 estudiant per a ser mestra d&#8217;angl\u00e8s! Ha vingut a la nostra classe per a explicar-nos com ha estat l&#8217;experi\u00e8ncia a Noruega, com \u00e9s aix\u00f2 de viure en un altre pa\u00eds i hem aprofitat per a parlar del canvi clim\u00e0tic. Ens ha explicat qu\u00e8 fa un pa\u00eds com Noruega per a tractar aquest problema. Fins i tot hem tingut temps de jugar! M\u00f2nica,\u00a0 ha estat un plaer! torna sempre que vulguis!<\/em><\/p>\n<p style=\"text-align: center;\"><span style=\"text-decoration: underline;\"><strong>FEU CLIC A LA IMATGE PER A ACCEDIR A LA GALERIA DE FOTOS<\/strong><\/span><\/p>\n<p><a href=\"https:\/\/photos.app.goo.gl\/dcdvNwr9kUNTxXjt7\"><img loading=\"lazy\" decoding=\"async\" class=\" wp-image-1190 aligncenter\" src=\"https:\/\/agora.xtec.cat\/ceipfmacia-orrius\/wp-content\/uploads\/usu2067\/2020\/03\/portada-visita-monica-300x168.png\" alt=\"\" width=\"355\" height=\"199\" srcset=\"https:\/\/agora.xtec.cat\/ceipfmacia-orrius\/wp-content\/uploads\/usu2067\/2020\/03\/portada-visita-monica-300x168.png 300w, https:\/\/agora.xtec.cat\/ceipfmacia-orrius\/wp-content\/uploads\/usu2067\/2020\/03\/portada-visita-monica-768x429.png 768w, https:\/\/agora.xtec.cat\/ceipfmacia-orrius\/wp-content\/uploads\/usu2067\/2020\/03\/portada-visita-monica.png 795w\" sizes=\"auto, (max-width: 355px) 100vw, 355px\" \/><\/a><\/p>\n","protected":false},"excerpt":{"rendered":"<p>Today the students in 5th and 6th year have met M\u00f2nica. She lives in \u00d2rrius, but she has just arrived from Norway, where she&#8217;s been living for some months, as part of the Erasmus programme. She&#8217;s at university studying to become an English Teacher! Today&hellip;  <a href=\"https:\/\/agora.xtec.cat\/ceipfmacia-orrius\/cs\/porcs-senglars\/an-erasmus-experience\/\" title=\"Read AN ERASMUS EXPERIENCE\">Llegeix m\u00e9s\u00bb<\/a><\/p>\n","protected":false},"author":8,"featured_media":1190,"comment_status":"open","ping_status":"closed","sticky":false,"template":"","format":"standard","meta":{"_bbp_topic_count":0,"_bbp_reply_count":0,"_bbp_total_topic_count":0,"_bbp_total_reply_count":0,"_bbp_voice_count":0,"_bbp_anonymous_reply_count":0,"_bbp_topic_count_hidden":0,"_bbp_reply_count_hidden":0,"_bbp_forum_subforum_count":0,"footnotes":""},"categories":[69,14],"tags":[79],"class_list":["post-1189","post","type-post","status-publish","format-standard","has-post-thumbnail","hentry","category-angles","category-porcs-senglars","tag-english"],"post_mailing_queue_ids":[],"_links":{"self":[{"href":"https:\/\/agora.xtec.cat\/ceipfmacia-orrius\/wp-json\/wp\/v2\/posts\/1189","targetHints":{"allow":["GET"]}}],"collection":[{"href":"https:\/\/agora.xtec.cat\/ceipfmacia-orrius\/wp-json\/wp\/v2\/posts"}],"about":[{"href":"https:\/\/agora.xtec.cat\/ceipfmacia-orrius\/wp-json\/wp\/v2\/types\/post"}],"author":[{"embeddable":true,"href":"https:\/\/agora.xtec.cat\/ceipfmacia-orrius\/wp-json\/wp\/v2\/users\/8"}],"replies":[{"embeddable":true,"href":"https:\/\/agora.xtec.cat\/ceipfmacia-orrius\/wp-json\/wp\/v2\/comments?post=1189"}],"version-history":[{"count":3,"href":"https:\/\/agora.xtec.cat\/ceipfmacia-orrius\/wp-json\/wp\/v2\/posts\/1189\/revisions"}],"predecessor-version":[{"id":1194,"href":"https:\/\/agora.xtec.cat\/ceipfmacia-orrius\/wp-json\/wp\/v2\/posts\/1189\/revisions\/1194"}],"wp:featuredmedia":[{"embeddable":true,"href":"https:\/\/agora.xtec.cat\/ceipfmacia-orrius\/wp-json\/wp\/v2\/media\/1190"}],"wp:attachment":[{"href":"https:\/\/agora.xtec.cat\/ceipfmacia-orrius\/wp-json\/wp\/v2\/media?parent=1189"}],"wp:term":[{"taxonomy":"category","embeddable":true,"href":"https:\/\/agora.xtec.cat\/ceipfmacia-orrius\/wp-json\/wp\/v2\/categories?post=1189"},{"taxonomy":"post_tag","embeddable":true,"href":"https:\/\/agora.xtec.cat\/ceipfmacia-orrius\/wp-json\/wp\/v2\/tags?post=1189"}],"curies":[{"name":"wp","href":"https:\/\/api.w.org\/{rel}","templated":true}]}}